{"id":4845,"date":"2010-08-29T17:47:03","date_gmt":"2010-08-29T21:47:03","guid":{"rendered":"http:\/\/www.casamuseoeduardofrei.cl\/?p=4845"},"modified":"2018-01-23T11:40:29","modified_gmt":"2018-01-23T14:40:29","slug":"casa-museo-participa-en-jornada-bicentenario","status":"publish","type":"post","link":"https:\/\/www.casamuseoeduardofrei.cl\/en\/casa-museo-participa-en-jornada-bicentenario\/","title":{"rendered":"Casa Museo es premiada en Jornada Bicentenario de Universidad SEK"},"content":{"rendered":"<p>Por una exitosa participaci\u00f3n en la Jornada <em>&#8220;Chile 200 a\u00f1os de vida republicana&#8221;<\/em> recibimos\u00a0un galard\u00f3n\u00a0en reconocimiento a la generaci\u00f3n de instancias educativas y aporte al desarrollo de la cultura nacional, otorgado por el decano de la Facultad\u00a0 de Humanidades y Educaci\u00f3n.<\/p>\n<p><!--more--><\/p>\n<p>Con la asistencia de autoridades, docentes, y representantes de entidades culturales <strong>Casa Museo Eduardo Frei Montalva<\/strong> recibi\u00f3 un reconocimiento a su desempe\u00f1o educativo y cultural otorgado por el Sr. Hern\u00e1n Carrasco Monge, decano de la Facultad de Humanidades y Educaci\u00f3n de la Universidad Internacional SEK. La ceremonia se llev\u00f3 a cabo el 27 de agosto en el Campus Santa Ana.<\/p>\n<p><em>\u201cChile 200 a\u00f1os de vida republicana\u201d<\/em> busc\u00f3 generar una acci\u00f3n educativa tanto para los estudiantes de la misma universidad como para los diferentes colegios de ense\u00f1anza media. La actividad cont\u00f3 con la asistencia de aprox. 1300 personas, qui\u00e9nes durante una semana pudieron conocer parte de la colecci\u00f3n de la Casa Museo y de otras entidades culturales.<\/p>\n<p>En esta oportunidad fueron exhibidos en\u00a0 tres vitrinas objetos personales pertenecientes a Eduardo Frei Montalva, como su m\u00e1quina de escribir y el discurso le\u00eddo en el Teatro Caupolic\u00e1n en 1980, sombrero, guantes y una condecoraci\u00f3n de la legi\u00f3n de honor francesa otorgada al ex mandatario.<\/p>\n<p>Jorge Olgu\u00edn, director de la carrera en pedagog\u00eda de Historia y Geograf\u00eda de Universidad Internacional SEK, destac\u00f3 la participaci\u00f3n de Casa Museo Eduardo Frei Montalva por su compromiso y disposici\u00f3n en esta jornada bicentenario que busca &#8220;aportar a la formaci\u00f3n y hacer academia\u201d.<\/p>\n<p>Agradecemos la invitaci\u00f3n a esta actividad que permite dar a conocer la casa donde vivi\u00f3 el ex mandatario y su riqueza patrimonial con un fin no s\u00f3lo cultural sino tambi\u00e9n educativo. \u00a1Quedan todos invitados a visitarnos!<\/p>\n<p style=\"text-align: justify;\">Direcci\u00f3n: Hindenburg 683, barrio Italia, Providencia.<\/p>\n<p>Horario: Martes a domingo de 10 a 18 hrs.<\/p>\n<p>Contactos: (02) 881 86 74 , <a href=\"mailto:contacto@casamuseoeduardofrei.cl\" target=\"_blank\">contacto@casamuseoeduardofrei.cl<\/a><\/p>","protected":false},"excerpt":{"rendered":"<p>Sorry, this entry is only available in Espa\u00f1ol.<\/p>\n","protected":false},"author":4,"featured_media":0,"comment_status":"open","ping_status":"open","sticky":false,"template":"","format":"standard","meta":{"_acf_changed":false,"footnotes":""},"categories":[14],"tags":[44,46,134,135],"class_list":["post-4845","post","type-post","status-publish","format-standard","hentry","category-noticias","tag-casa-museo","tag-eduardo-frei-montalva","tag-jornada-bicentenario","tag-universidad-sek"],"acf":[],"_links":{"self":[{"href":"https:\/\/www.casamuseoeduardofrei.cl\/en\/wp-json\/wp\/v2\/posts\/4845","targetHints":{"allow":["GET"]}}],"collection":[{"href":"https:\/\/www.casamuseoeduardofrei.cl\/en\/wp-json\/wp\/v2\/posts"}],"about":[{"href":"https:\/\/www.casamuseoeduardofrei.cl\/en\/wp-json\/wp\/v2\/types\/post"}],"author":[{"embeddable":true,"href":"https:\/\/www.casamuseoeduardofrei.cl\/en\/wp-json\/wp\/v2\/users\/4"}],"replies":[{"embeddable":true,"href":"https:\/\/www.casamuseoeduardofrei.cl\/en\/wp-json\/wp\/v2\/comments?post=4845"}],"version-history":[{"count":1,"href":"https:\/\/www.casamuseoeduardofrei.cl\/en\/wp-json\/wp\/v2\/posts\/4845\/revisions"}],"predecessor-version":[{"id":12521,"href":"https:\/\/www.casamuseoeduardofrei.cl\/en\/wp-json\/wp\/v2\/posts\/4845\/revisions\/12521"}],"wp:attachment":[{"href":"https:\/\/www.casamuseoeduardofrei.cl\/en\/wp-json\/wp\/v2\/media?parent=4845"}],"wp:term":[{"taxonomy":"category","embeddable":true,"href":"https:\/\/www.casamuseoeduardofrei.cl\/en\/wp-json\/wp\/v2\/categories?post=4845"},{"taxonomy":"post_tag","embeddable":true,"href":"https:\/\/www.casamuseoeduardofrei.cl\/en\/wp-json\/wp\/v2\/tags?post=4845"}],"curies":[{"name":"wp","href":"https:\/\/api.w.org\/{rel}","templated":true}]}}