{"id":4535,"date":"2010-05-17T12:17:33","date_gmt":"2010-05-17T16:17:33","guid":{"rendered":"http:\/\/www.casamuseoeduardofrei.cl\/?p=4535"},"modified":"2022-06-10T11:20:28","modified_gmt":"2022-06-10T15:20:28","slug":"celebra-con-nosotros-el-dia-del-patrimonio","status":"publish","type":"post","link":"https:\/\/www.casamuseoeduardofrei.cl\/en\/celebra-con-nosotros-el-dia-del-patrimonio\/","title":{"rendered":"D\u00eda del Patrimonio: \u00a1\u00c9xito total!"},"content":{"rendered":"<p>M\u00e1s de 300 personas nos visitaron en el <strong>D\u00eda del Patrimonio Cultural<\/strong> celebrado el domingo 30 de mayo. P\u00fablico de todas las edades recorri\u00f3\u00a0junto a nuestras gu\u00edas\u00a0 la casa, reconociendo su valor patrimonial. Esperamos seguir sumando adeptos a este proyecto educativo y cultural que abre sus puertas durante once meses del a\u00f1o.<!--more--><strong><\/strong><\/p>\n<p><strong>Casa Museo Eduardo Frei Montalva<\/strong> se enorgullece de haber participado nuevamente de esta gran fiesta cultural como es el D\u00eda del Patrimonio que este a\u00f1o a pesar de las adversidades sum\u00f3 m\u00e1s de 200 monumentos nacionales abiertos al p\u00fablico. La casa que muestra, conserva y difunde la residencia donde por cuarenta a\u00f1os vivi\u00f3 Eduardo Frei Montalva y familia, permite reencontrarse no s\u00f3lo con su legado sino tambi\u00e9n con toda una \u00e9poca. \u201cJam\u00e1s pens\u00e9 que visitar\u00eda este hermoso lugar. Recordar al Presidente y su casa es algo muy hermoso, me demuestra la inmensa calidad de persona que fue con su familia y el pa\u00eds\u201d, afirma Rosemary S\u00e1nchez, bibliotecaria del Liceo de Aplicaci\u00f3n.<\/p>\n<div id=\"attachment_4590\" style=\"width: 230px\" class=\"wp-caption alignleft\"><a href=\"http:\/\/www.casamuseoeduardofrei.cl\/wp-content\/uploads\/2010\/05\/foto_interior4.jpg\" data-rel=\"lightbox-image-0\" data-rl_title=\"\" data-rl_caption=\"\"><img loading=\"lazy\" decoding=\"async\" aria-describedby=\"caption-attachment-4590\" class=\"size-full wp-image-4590\" title=\"\" src=\"http:\/\/www.casamuseoeduardofrei.cl\/wp-content\/uploads\/2010\/05\/foto_interior4.jpg\" alt=\"En la l\u00ednea de tiempo\" width=\"220\" height=\"165\" \/><\/a><p id=\"caption-attachment-4590\" class=\"wp-caption-text\">En la l\u00ednea de tiempo<\/p><\/div>\n<p>&#8220;Realmente estar aqu\u00ed es sentirse en un lugar muy c\u00e1lido, se respira por todos lados un ambiente grato y uno se va satisfecho con lo que quer\u00eda ver. Felicitaciones y sigan adelante con esta iniciativa\u201d, dice Pedro Berr\u00edos otro de los visitantes.<\/p>\n<p>El recorrido por los dos pisos del inmueble ambientado en los a\u00f1os \u201860 permite conocer m\u00e1s de 350 objetos originales donde destacan, mobiliario, vestuario, banda presidencial, diplomas, libros, fotograf\u00edas y una rica colecci\u00f3n de pintura chilena que dan cuenta de un estilo moderno para esos a\u00f1os, pero tambi\u00e9n muy austero.<\/p>\n<p>La casa fue declarada monumento nacional el a\u00f1o 2005 , dado su excelente estado de conservaci\u00f3n y por ser parte importante de la memoria colectiva de un importante per\u00edodo hist\u00f3rico-pol\u00edtico de Chile. Adem\u00e1s el Consejo de Monumentos consider\u00f3 que es representativa de uno de los prototipos de la arquitectura residencial urbana propia de los a\u00f1os \u201940.<\/p>\n<p>El <strong>D\u00eda del Patrimonio Cultural en Chile<\/strong> se celebra desde el a\u00f1o 2000 con el objetivo de realizar una jornada festiva y de reflexi\u00f3n sobre los valores, el rol y significado de nuestra herencia cultural a trav\u00e9s de a la apertura gratuita de edificios, sitios patrimoniales, museos, archivos y bibliotecas.<\/p>\n<p>Todas las visitas son guiadas. Calle Hindenburg 683, Providencia, Santiago. Fono (02) 881 86 74.\u00a0 Email <a href=\"mailto:contacto@casamuseoeduardofrei.cl\" target=\"_self\" rel=\"noopener\">contacto@casamuseoeduardofrei.cl<\/a><\/p>\n<p>Horario de atenci\u00f3n Martes a Domingo de 10.00 a 18.00 hrs.<\/p>\n","protected":false},"excerpt":{"rendered":"<p>M\u00e1s de 300 personas nos visitaron en el D\u00eda del Patrimonio Cultural celebrado el domingo 30 de mayo. P\u00fablico de todas las edades recorri\u00f3\u00a0junto a nuestras gu\u00edas\u00a0 la casa, reconociendo su valor patrimonial. Esperamos seguir sumando adeptos a este proyecto educativo y cultural que abre sus puertas durante once meses del a\u00f1o.<\/p>\n","protected":false},"author":4,"featured_media":0,"comment_status":"open","ping_status":"open","sticky":false,"template":"","format":"standard","meta":{"_acf_changed":false,"footnotes":""},"categories":[14],"tags":[91,92,44,93,94],"class_list":["post-4535","post","type-post","status-publish","format-standard","hentry","category-noticias","tag-30-mayo-2010","tag-bicentenario","tag-casa-museo","tag-dia-del-patrimonio","tag-mayo2010"],"acf":[],"_links":{"self":[{"href":"https:\/\/www.casamuseoeduardofrei.cl\/en\/wp-json\/wp\/v2\/posts\/4535","targetHints":{"allow":["GET"]}}],"collection":[{"href":"https:\/\/www.casamuseoeduardofrei.cl\/en\/wp-json\/wp\/v2\/posts"}],"about":[{"href":"https:\/\/www.casamuseoeduardofrei.cl\/en\/wp-json\/wp\/v2\/types\/post"}],"author":[{"embeddable":true,"href":"https:\/\/www.casamuseoeduardofrei.cl\/en\/wp-json\/wp\/v2\/users\/4"}],"replies":[{"embeddable":true,"href":"https:\/\/www.casamuseoeduardofrei.cl\/en\/wp-json\/wp\/v2\/comments?post=4535"}],"version-history":[{"count":1,"href":"https:\/\/www.casamuseoeduardofrei.cl\/en\/wp-json\/wp\/v2\/posts\/4535\/revisions"}],"predecessor-version":[{"id":16538,"href":"https:\/\/www.casamuseoeduardofrei.cl\/en\/wp-json\/wp\/v2\/posts\/4535\/revisions\/16538"}],"wp:attachment":[{"href":"https:\/\/www.casamuseoeduardofrei.cl\/en\/wp-json\/wp\/v2\/media?parent=4535"}],"wp:term":[{"taxonomy":"category","embeddable":true,"href":"https:\/\/www.casamuseoeduardofrei.cl\/en\/wp-json\/wp\/v2\/categories?post=4535"},{"taxonomy":"post_tag","embeddable":true,"href":"https:\/\/www.casamuseoeduardofrei.cl\/en\/wp-json\/wp\/v2\/tags?post=4535"}],"curies":[{"name":"wp","href":"https:\/\/api.w.org\/{rel}","templated":true}]}}