{"id":4512,"date":"2010-06-27T13:10:59","date_gmt":"2010-06-27T17:10:59","guid":{"rendered":"http:\/\/www.casamuseoeduardofrei.cl\/?p=4512"},"modified":"2018-01-23T11:39:17","modified_gmt":"2018-01-23T14:39:17","slug":"extendimos-nuestro-programa-educativo","status":"publish","type":"post","link":"https:\/\/www.casamuseoeduardofrei.cl\/en\/extendimos-nuestro-programa-educativo\/","title":{"rendered":"\u00a1Extendimos nuestro programa educativo!"},"content":{"rendered":"<p>Con el fin de aumentar y perfeccionar el apoyo para profesores y alumnos en su aprendizaje vivencial de la cultura e historia de Chile, Casa Museo Eduardo Frei Montalva ampl\u00eda su programa educativo para ni\u00f1os desde edad preescolar hasta cuarto a\u00f1o de ense\u00f1anza media. Invitamos a los profesores de todo el pa\u00eds a conocerlo junto a sus alumnos.<!--more--><\/p>\n<p>El nuevo programa, que result\u00f3 de una profunda revisi\u00f3n y cruce de los contenidos m\u00ednimos obligatorios, los objetivos transversales y los aprendizajes esperados de los planes y programas aprobados por el MINEDUC, contar\u00e1 con gu\u00edas did\u00e1cticas para ni\u00f1os desde 4 a\u00f1os, qui\u00e9nes luego de recorrer el museo les ofrecemos una gu\u00eda donde podr\u00e1n dibujar y aplicar contenidos de acuerdo a su edad, vinculando la experiencia de recorrer la casa de un ex Presidente, con su mundo familiar junto al medio natural y cultural en que viven.<\/p>\n<p>Asimismo, respecto de los niveles NB1 (1\u00b0 y 2\u00b0 B\u00e1sico) y NB2 (3\u00b0 y 4\u00b0 B\u00e1sico) el sector curricular escogido para el trabajo pedag\u00f3gico en la Casa Museo es el de \u201cComprensi\u00f3n del Medio Natural, Social y Cultural\u201d. En base a estos contenidos, el grupo de profesionales de la Casa Museo ha preparado una gu\u00eda did\u00e1ctica especial para ellos, donde pueden aplicar conceptos de ubicaci\u00f3n espacial y temporal junto a la vinculaci\u00f3n con objetos del pasado que habr\u00e1n apreciado en su recorrido.<\/p>\n<div id=\"attachment_4516\" style=\"width: 210px\" class=\"wp-caption alignleft\"><a href=\"http:\/\/www.casamuseoeduardofrei.cl\/wp-content\/uploads\/2010\/05\/fotos_peque\u00f1os_sitio2.jpg\" data-rel=\"lightbox-image-1\" data-rl_title=\"\" data-rl_caption=\"\"><img loading=\"lazy\" decoding=\"async\" aria-describedby=\"caption-attachment-4516\" class=\"size-full wp-image-4516\" title=\"\" src=\"http:\/\/www.casamuseoeduardofrei.cl\/wp-content\/uploads\/2010\/05\/fotos_peque\u00f1os_sitio2.jpg\" alt=\"Alumnos  en sala de fotograf\u00edas\" width=\"200\" height=\"150\" \/><\/a><p id=\"caption-attachment-4516\" class=\"wp-caption-text\">Alumnos en sala de fotograf\u00edas<\/p><\/div>\n<p>El programa educativo concluye con gu\u00edas para alumnos de 5\u00b0 b\u00e1sico a 4\u00b0 medio donde se ven temas como vida cotidiana de la d\u00e9cada del \u201860; patrimonio cultural e identidad nacional; medioambiente y entorno; relaciones internacionales y geograf\u00eda pol\u00edtica: Latinoam\u00e9rica y el mundo; historia pol\u00edtica de Chile; evoluci\u00f3n y diversidad econ\u00f3mica de Chile; justicia social y revoluci\u00f3n en libertad, entre otros.<\/p>\n<p>Cabe destacar que el programa educativo de 5\u00ba b\u00e1sico a 1\u00ba medio se encuentra actualizado seg\u00fan el calendario de ajuste curricular, presentado por el MINEDUC, el cual fue puesto en marcha en marzo del 2010.<\/p>\n<p>Casa Museo Eduardo Frei Montalva se enorgullece en este a\u00f1o del bicentenario presentar este nuevo programa que recorre gran parte de la vida educativa de los alumnos, por lo que invita a profesores, alumnos y apoderados a visitar este monumento nacional ambientado en la d\u00e9cada del \u201860 y con m\u00e1s de 350 objetos originales que permiten seguir aportando en educaci\u00f3n y respeto por nuestro patrimonio.<\/p>\n<p>Descarga el programa educativo completo y sus respectivas gu\u00edas <a href=\"http:\/\/www.casamuseoeduardofrei.cl\/2009\/03\/programa-educativo\/\" target=\"_self\">aqu\u00ed<\/a><\/p>\n<p><strong>* Contamos con descuentos de un 50 % para profesores que muestren su credencial del Club de Amigos de la Educaci\u00f3n de Educarchile: <\/strong><a href=\"http:\/\/www.educarchile.cl\" target=\"_blank\">www.educarchile.cl<\/a><\/p>\n<p>Reservas al (02) 881 86 74 \u2013 o al email <a href=\"mailto:reserva@casamuseoeduardofrei.cl\" target=\"_blank\">reserva@casamuseoeduardofrei.cl<\/a><\/p>","protected":false},"excerpt":{"rendered":"<p>Sorry, this entry is only available in Espa\u00f1ol.<\/p>\n","protected":false},"author":4,"featured_media":0,"comment_status":"open","ping_status":"open","sticky":false,"template":"","format":"standard","meta":{"_acf_changed":false,"footnotes":""},"categories":[14],"tags":[44,46,115],"class_list":["post-4512","post","type-post","status-publish","format-standard","hentry","category-noticias","tag-casa-museo","tag-eduardo-frei-montalva","tag-nuevo-programa-educativo"],"acf":[],"_links":{"self":[{"href":"https:\/\/www.casamuseoeduardofrei.cl\/en\/wp-json\/wp\/v2\/posts\/4512","targetHints":{"allow":["GET"]}}],"collection":[{"href":"https:\/\/www.casamuseoeduardofrei.cl\/en\/wp-json\/wp\/v2\/posts"}],"about":[{"href":"https:\/\/www.casamuseoeduardofrei.cl\/en\/wp-json\/wp\/v2\/types\/post"}],"author":[{"embeddable":true,"href":"https:\/\/www.casamuseoeduardofrei.cl\/en\/wp-json\/wp\/v2\/users\/4"}],"replies":[{"embeddable":true,"href":"https:\/\/www.casamuseoeduardofrei.cl\/en\/wp-json\/wp\/v2\/comments?post=4512"}],"version-history":[{"count":1,"href":"https:\/\/www.casamuseoeduardofrei.cl\/en\/wp-json\/wp\/v2\/posts\/4512\/revisions"}],"predecessor-version":[{"id":12518,"href":"https:\/\/www.casamuseoeduardofrei.cl\/en\/wp-json\/wp\/v2\/posts\/4512\/revisions\/12518"}],"wp:attachment":[{"href":"https:\/\/www.casamuseoeduardofrei.cl\/en\/wp-json\/wp\/v2\/media?parent=4512"}],"wp:term":[{"taxonomy":"category","embeddable":true,"href":"https:\/\/www.casamuseoeduardofrei.cl\/en\/wp-json\/wp\/v2\/categories?post=4512"},{"taxonomy":"post_tag","embeddable":true,"href":"https:\/\/www.casamuseoeduardofrei.cl\/en\/wp-json\/wp\/v2\/tags?post=4512"}],"curies":[{"name":"wp","href":"https:\/\/api.w.org\/{rel}","templated":true}]}}