{"id":4318,"date":"2010-06-01T12:56:13","date_gmt":"2010-06-01T16:56:13","guid":{"rendered":"http:\/\/www.casamuseoeduardofrei.cl\/?p=4318"},"modified":"2018-01-23T11:38:02","modified_gmt":"2018-01-23T14:38:02","slug":"nuevos-dvds-un-material-historico-de-lujo","status":"publish","type":"post","link":"https:\/\/www.casamuseoeduardofrei.cl\/en\/nuevos-dvds-un-material-historico-de-lujo\/","title":{"rendered":"Nuevos DVDs: Un material hist\u00f3rico de lujo"},"content":{"rendered":"<p>Como parte de su proyecto bicentenario Casa Museo Eduardo Frei Montalva ha preparado tres videos digitalizados que contienen im\u00e1genes in\u00e9ditas de Eduardo Frei Montalva en diferentes etapas de su vida. Sin duda un valioso registro hist\u00f3rico de apoyo tanto\u00a0al mundo educativo como al recuerdo de aquella \u00e9poca.<!--more--><\/p>\n<p>Las pel\u00edculas en formato DVD <strong>\u201cMarcha de la Patria Joven\u201d,<\/strong> <strong>\u201cEn la Huella del Presidente\u201d<\/strong> y <strong>\u201cTiempo para un l\u00edder\u201d<\/strong> suman casi dos horas de duraci\u00f3n y ser\u00e1n vendidas al p\u00fablico \u00fanicamente en la tienda de la Casa Museo ubicada en calle Hindenburg 683, Providencia.<\/p>\n<p>El primer material audiovisual data de 1964 y cuenta con im\u00e1genes del masivo cierre de la campa\u00f1a presidencial de Frei Montalva y la llamada <em>\u201cMarcha de la Patria Joven\u201d<\/em> donde chilenos de diferentes rincones del pa\u00eds literalmente marchan a pie hacia Santiago para escuchar a su candidato, aquel discurso pronunciado el 21 de junio en el Parque Cousi\u00f1o se encuentra completo en este DVD y tiene una duraci\u00f3n de 53 min.<\/p>\n<p><strong>\u201cEn la Huella del Presidente\u201d<\/strong> (1965) tambi\u00e9n es un documento hist\u00f3rico de gran calidad que muestra en 28 minutos el primer viaje de Frei Montalva como Presidente de Chile a diferentes pa\u00edses de Europa, un hecho in\u00e9dito considerando que es la primera gira internacional de un Presidente chileno. El DVD adem\u00e1s posee un resumen de la cobertura medi\u00e1tica de la \u00e9poca y los m\u00e1ximos honores recibidos por el ex mandatario en Francia, Inglaterra, Italia y Alemania.<\/p>\n<div id=\"attachment_4329\" style=\"width: 190px\" class=\"wp-caption alignleft\"><a href=\"http:\/\/www.casamuseoeduardofrei.cl\/wp-content\/uploads\/2010\/01\/Tiempo_para_lider2_sitio.jpg\" data-rel=\"lightbox-image-0\" data-rl_title=\"\" data-rl_caption=\"\"><img loading=\"lazy\" decoding=\"async\" aria-describedby=\"caption-attachment-4329\" class=\"size-full wp-image-4329\" title=\"\" src=\"http:\/\/www.casamuseoeduardofrei.cl\/wp-content\/uploads\/2010\/01\/Tiempo_para_lider2_sitio.jpg\" alt=\"Documental realizado por Tatiana Gaviola \" width=\"180\" height=\"156\" \/><\/a><p id=\"caption-attachment-4329\" class=\"wp-caption-text\">Documental realizado por Tatiana Gaviola <\/p><\/div>\n<p><strong>\u201cTiempo para un l\u00edder\u201d<\/strong> Documental realizado en 1982 por Tatiana Gaviola y Joaqu\u00edn Eyzaguirre que habla del lado humano y pol\u00edtico de Eduardo Frei M., enriquecido por el relato de Bernardo Leigthon &#8211; su Ministro del Interior y uno de los fundadores de la Falange Nacional \u2013 quien cuenta la trayectoria pol\u00edtica de Frei Montalva desde sus inicios hasta su inesperada muerte. El material tambi\u00e9n contiene pasajes del conocido discurso del ex Presidente el a\u00f1o 1980 en el Teatro Caupolic\u00e1n. Duraci\u00f3n 33 min.<\/p>\n<div style=\"text-align: justify;\">Cada DVD tiene un valor de $ 3.000 y se pueden adquirir los tres por $ 7.000.<\/div>\n<div style=\"text-align: justify;\">M\u00e1s informaciones al 881 86 74 &#8211; 723 41 05.\u00a0 Si deseas ver fragmentos de las pel\u00edculas haz click <a href=\"http:\/\/www.casamuseoeduardofrei.cl\/seccion\/videos\/\" target=\"_self\">aqu\u00ed<\/a><\/div>\n<p><\/p>","protected":false},"excerpt":{"rendered":"<p>Sorry, this entry is only available in Espa\u00f1ol.<\/p>\n","protected":false},"author":4,"featured_media":0,"comment_status":"open","ping_status":"open","sticky":false,"template":"","format":"standard","meta":{"_acf_changed":false,"footnotes":""},"categories":[14],"tags":[77,78,79,44,80,46,81,82],"class_list":["post-4318","post","type-post","status-publish","format-standard","hentry","category-noticias","tag-en-la-huella-del-presidente","tag-marcha-de-la-patria-joven","tag-tiempo-para-un-lider","tag-casa-museo","tag-dvd","tag-eduardo-frei-montalva","tag-peliculas","tag-videos"],"acf":[],"_links":{"self":[{"href":"https:\/\/www.casamuseoeduardofrei.cl\/en\/wp-json\/wp\/v2\/posts\/4318","targetHints":{"allow":["GET"]}}],"collection":[{"href":"https:\/\/www.casamuseoeduardofrei.cl\/en\/wp-json\/wp\/v2\/posts"}],"about":[{"href":"https:\/\/www.casamuseoeduardofrei.cl\/en\/wp-json\/wp\/v2\/types\/post"}],"author":[{"embeddable":true,"href":"https:\/\/www.casamuseoeduardofrei.cl\/en\/wp-json\/wp\/v2\/users\/4"}],"replies":[{"embeddable":true,"href":"https:\/\/www.casamuseoeduardofrei.cl\/en\/wp-json\/wp\/v2\/comments?post=4318"}],"version-history":[{"count":1,"href":"https:\/\/www.casamuseoeduardofrei.cl\/en\/wp-json\/wp\/v2\/posts\/4318\/revisions"}],"predecessor-version":[{"id":12516,"href":"https:\/\/www.casamuseoeduardofrei.cl\/en\/wp-json\/wp\/v2\/posts\/4318\/revisions\/12516"}],"wp:attachment":[{"href":"https:\/\/www.casamuseoeduardofrei.cl\/en\/wp-json\/wp\/v2\/media?parent=4318"}],"wp:term":[{"taxonomy":"category","embeddable":true,"href":"https:\/\/www.casamuseoeduardofrei.cl\/en\/wp-json\/wp\/v2\/categories?post=4318"},{"taxonomy":"post_tag","embeddable":true,"href":"https:\/\/www.casamuseoeduardofrei.cl\/en\/wp-json\/wp\/v2\/tags?post=4318"}],"curies":[{"name":"wp","href":"https:\/\/api.w.org\/{rel}","templated":true}]}}