{"id":4119,"date":"2009-12-23T11:50:13","date_gmt":"2009-12-23T14:50:13","guid":{"rendered":"http:\/\/www.casamuseoeduardofrei.cl\/?p=4119"},"modified":"2022-12-27T12:17:06","modified_gmt":"2022-12-27T15:17:06","slug":"les-deseamos-una-feliz-navidad","status":"publish","type":"post","link":"https:\/\/www.casamuseoeduardofrei.cl\/en\/les-deseamos-una-feliz-navidad\/","title":{"rendered":"Nuevos horarios de fin de a\u00f1o"},"content":{"rendered":"<p>Casa Museo Eduardo Frei Montalva contar\u00e1 con horarios especiales con motivo de las fiestas de fin de a\u00f1o. Los d\u00edas jueves 24, mi\u00e9rcoles 30 y jueves 31 de diciembre <strong>cerrar\u00e1<\/strong> sus\u00a0puertas a partir de las 12 del d\u00eda. M\u00e1s informaciones y consultas\u00a0al 881 86 74 o al email \u00a0<a href=\"mailto:contacto@casamuseoeduardofrei.cl\">contacto@casamuseoeduardofrei.cl<\/a>. Les recordamos que el museo\u00a0continuar\u00e1 con sus horarios habituales durante\u00a0todo\u00a0enero del 2010.<\/p>","protected":false},"excerpt":{"rendered":"<p>Casa Museo Eduardo Frei Montalva contar\u00e1 con horarios especiales con motivo de las fiestas de fin de a\u00f1o. Los d\u00edas jueves 24, mi\u00e9rcoles 30 y jueves 31 de diciembre cerrar\u00e1 sus\u00a0puertas a partir de las 12 del d\u00eda. M\u00e1s informaciones y consultas\u00a0al 881 86 74 o al email \u00a0contacto@casamuseoeduardofrei.cl. Les recordamos que el museo\u00a0continuar\u00e1 con [&hellip;]<\/p>\n","protected":false},"author":4,"featured_media":0,"comment_status":"open","ping_status":"open","sticky":false,"template":"","format":"standard","meta":{"_acf_changed":false,"footnotes":""},"categories":[14],"tags":[44,46,74,75,76],"class_list":["post-4119","post","type-post","status-publish","format-standard","hentry","category-noticias","tag-casa-museo","tag-eduardo-frei-montalva","tag-navidad","tag-saludos","tag-saludos-2010"],"acf":[],"_links":{"self":[{"href":"https:\/\/www.casamuseoeduardofrei.cl\/en\/wp-json\/wp\/v2\/posts\/4119","targetHints":{"allow":["GET"]}}],"collection":[{"href":"https:\/\/www.casamuseoeduardofrei.cl\/en\/wp-json\/wp\/v2\/posts"}],"about":[{"href":"https:\/\/www.casamuseoeduardofrei.cl\/en\/wp-json\/wp\/v2\/types\/post"}],"author":[{"embeddable":true,"href":"https:\/\/www.casamuseoeduardofrei.cl\/en\/wp-json\/wp\/v2\/users\/4"}],"replies":[{"embeddable":true,"href":"https:\/\/www.casamuseoeduardofrei.cl\/en\/wp-json\/wp\/v2\/comments?post=4119"}],"version-history":[{"count":3,"href":"https:\/\/www.casamuseoeduardofrei.cl\/en\/wp-json\/wp\/v2\/posts\/4119\/revisions"}],"predecessor-version":[{"id":17076,"href":"https:\/\/www.casamuseoeduardofrei.cl\/en\/wp-json\/wp\/v2\/posts\/4119\/revisions\/17076"}],"wp:attachment":[{"href":"https:\/\/www.casamuseoeduardofrei.cl\/en\/wp-json\/wp\/v2\/media?parent=4119"}],"wp:term":[{"taxonomy":"category","embeddable":true,"href":"https:\/\/www.casamuseoeduardofrei.cl\/en\/wp-json\/wp\/v2\/categories?post=4119"},{"taxonomy":"post_tag","embeddable":true,"href":"https:\/\/www.casamuseoeduardofrei.cl\/en\/wp-json\/wp\/v2\/tags?post=4119"}],"curies":[{"name":"wp","href":"https:\/\/api.w.org\/{rel}","templated":true}]}}