{"id":4054,"date":"2010-08-01T18:00:47","date_gmt":"2010-08-01T22:00:47","guid":{"rendered":"http:\/\/www.casamuseoeduardofrei.cl\/?p=4054"},"modified":"2018-01-23T11:40:04","modified_gmt":"2018-01-23T14:40:04","slug":"educacion-y-adulto-mayor-protagonizan-convenios-2009","status":"publish","type":"post","link":"https:\/\/www.casamuseoeduardofrei.cl\/en\/educacion-y-adulto-mayor-protagonizan-convenios-2009\/","title":{"rendered":"Conoce nuestros convenios para visitarnos"},"content":{"rendered":"<p><\/p>\n<p style=\"text-align: justify;\">Entidades ligadas a la educaci\u00f3n, cultura y adultos mayores se sumaron al proyecto <strong>Casa Museo Eduardo Frei Montalva<\/strong>, sin duda un 2009\u00a0 positivo en materia de convenios que\u00a0permiten facilitar el acceso de la comunidad a este monumento nacional que busca acercar nuestra historia reciente.<!--more--><\/p>\n<p>En el \u00e1rea educaci\u00f3n y cultura hemos sumado este 2010 \u00a0un nuevo convenio con la<a href=\"http:\/\/www.culturalagranja.cl\/\" target=\"_blank\"> <strong>Corporaci\u00f3n Cultural de La Granja<\/strong> <\/a>\u00a0y su Centro Cultural Espacio Matta,\u00a0recientemente inaugurado el pasado\u00a025 de febrero, otorgando gratuidad a sus integrantes en la entrada a la Casa Museo. Este convenio se suma al que en esta \u00e1rea tenemos con\u00a0\u00a0la <a href=\"http:\/\/www.uniaccjovenes.cl\/index.php?option=com_content&amp;view=article&amp;id=107&amp;Itemid=64\"><strong>Escuela de Traducci\u00f3n de Uniacc.<\/strong> <\/a><\/p>\n<p>En cuanto a Uniacc se estableci\u00f3 un convenio que permite a los alumnos realizar sus pr\u00e1cticas profesionales en la Casa Museo como sucedi\u00f3 con Omar Silva, estudiante a\u00a0punto de titularse de\u00a0la carrera traducci\u00f3n e interpretaci\u00f3n biling\u00fce, qui\u00e9n contribuy\u00f3 en la traducci\u00f3n de discursos de Eduardo Frei Montalva y los contenidos de la versi\u00f3n en ingl\u00e9s de la nueva p\u00e1gina web del museo.<\/p>\n<p>No podemos olvidar en esta \u00e1rea a <a href=\"http:\/\/www.educarchile.cl\/Portal.Base\/Web\/VerContenido.aspx?GUID=012afc75-e0bb-42f7-851e-9a78cb674262&amp;ID=188777\" target=\"_blank\"><strong>Educar Chile<\/strong> <\/a>qui\u00e9n a trav\u00e9s del \u201cClub de Amigos de la Educaci\u00f3n\u201d permite una rebaja del 50% a los profesores que presenten su tarjeta de socios y al grupo escolar que los acompa\u00f1e.<\/p>\n<p>En abril Casa Museo Eduardo Frei recibi\u00f3 la visita de altos ejecutivos de <strong><a href=\"http:\/\/www.cajalosandes.cl\/Publico\/club_de_beneficios.html\" target=\"_blank\">Caja Compensaci\u00f3n Los Andes<\/a><\/strong>, quienes una vez que recorrieron la casa museo, reconocieron que era una alternativa tur\u00edstica y cultural para sus clientes.<\/p>\n<p>Asimismo, es un orgullo celebrar los convenios de cooperaci\u00f3n con la <strong><a href=\"http:\/\/www.penalolen.cl\/\" target=\"_blank\">I. Municipalidad de Pe\u00f1alol\u00e9n<\/a><\/strong> y <strong>La Reina<\/strong> con quienes a trav\u00e9s de la Casa de la Cultura y el Club de adulto Mayor \u201cEl Reencuentro\u201d, respectivamente, se estableci\u00f3 un descuento en el ingreso de los adultos mayores pertenecientes a dichas entidades, as\u00ed como el compromiso de difusi\u00f3n y cooperaci\u00f3n mutua de las actividades educativas y culturales que Casa Museo y estos organismos realicen.<\/p>\n<p>Agradecemos a cada una de las entidades se\u00f1aladas y a sus representantes por creer en el proyecto Casa Museo Eduardo Frei Montalva que espera contar con a\u00fan m\u00e1s convenios de este tipo para el a\u00f1o del bicentenario.<\/p>","protected":false},"excerpt":{"rendered":"<p>Sorry, this entry is only available in Espa\u00f1ol.<\/p>\n","protected":false},"author":4,"featured_media":0,"comment_status":"open","ping_status":"open","sticky":false,"template":"","format":"standard","meta":{"_acf_changed":false,"footnotes":""},"categories":[14],"tags":[104,44,105,106,107,46,108,109,110,111],"class_list":["post-4054","post","type-post","status-publish","format-standard","hentry","category-noticias","tag-caja-compensacion-los-andes","tag-casa-museo","tag-centro-cultural-espacio-matta","tag-comuna-de-la-granja","tag-convenios-2009","tag-eduardo-frei-montalva","tag-espacio-matta","tag-la-reina","tag-penalolen","tag-uniacc"],"acf":[],"_links":{"self":[{"href":"https:\/\/www.casamuseoeduardofrei.cl\/en\/wp-json\/wp\/v2\/posts\/4054","targetHints":{"allow":["GET"]}}],"collection":[{"href":"https:\/\/www.casamuseoeduardofrei.cl\/en\/wp-json\/wp\/v2\/posts"}],"about":[{"href":"https:\/\/www.casamuseoeduardofrei.cl\/en\/wp-json\/wp\/v2\/types\/post"}],"author":[{"embeddable":true,"href":"https:\/\/www.casamuseoeduardofrei.cl\/en\/wp-json\/wp\/v2\/users\/4"}],"replies":[{"embeddable":true,"href":"https:\/\/www.casamuseoeduardofrei.cl\/en\/wp-json\/wp\/v2\/comments?post=4054"}],"version-history":[{"count":1,"href":"https:\/\/www.casamuseoeduardofrei.cl\/en\/wp-json\/wp\/v2\/posts\/4054\/revisions"}],"predecessor-version":[{"id":12520,"href":"https:\/\/www.casamuseoeduardofrei.cl\/en\/wp-json\/wp\/v2\/posts\/4054\/revisions\/12520"}],"wp:attachment":[{"href":"https:\/\/www.casamuseoeduardofrei.cl\/en\/wp-json\/wp\/v2\/media?parent=4054"}],"wp:term":[{"taxonomy":"category","embeddable":true,"href":"https:\/\/www.casamuseoeduardofrei.cl\/en\/wp-json\/wp\/v2\/categories?post=4054"},{"taxonomy":"post_tag","embeddable":true,"href":"https:\/\/www.casamuseoeduardofrei.cl\/en\/wp-json\/wp\/v2\/tags?post=4054"}],"curies":[{"name":"wp","href":"https:\/\/api.w.org\/{rel}","templated":true}]}}