{"id":4010,"date":"2009-12-02T11:36:30","date_gmt":"2009-12-02T15:36:30","guid":{"rendered":"http:\/\/www.casamuseoeduardofrei.cl\/?p=4010"},"modified":"2018-01-23T11:36:25","modified_gmt":"2018-01-23T14:36:25","slug":"estudiantes-rinden-examen-final-en-casa-museo","status":"publish","type":"post","link":"https:\/\/www.casamuseoeduardofrei.cl\/en\/estudiantes-rinden-examen-final-en-casa-museo\/","title":{"rendered":"Estudiantes rinden examen en Casa Museo"},"content":{"rendered":"<p>Los alumnos de tercer a\u00f1o medio del Liceo T\u00e9cnico Profesional La Florida, Karla Quiroga, Mario Rogat y Ta\u00eds Ugarte, se sintieron privilegiados al saber que <strong>Casa Museo Eduardo Frei Montalva<\/strong> era el lugar escogido para realizar su examen final del ramo \u201cServicios de Turismo\u201d.<!--more--><\/p>\n<p>Durante aproximadamente un mes los alumnos asistieron a la Casa Museo para conocer su funcionamiento, entrevistando a la subdirectora, Mar\u00eda Jos\u00e9 Lira y a nuestras gu\u00edas quienes les realizaron un recorrido guiado para que los alumnos captaran la esencia del proyecto y posteriormente pudieran realizar un recorrido guiado por ellos mismos, pero para sus profesores.<\/p>\n<p>El examen fue rendido el 1 de diciembre y cont\u00f3 con la presencia de la profesora de la especialidad en Turismo y Hoteler\u00eda, Claudia Ant\u00fanez Palleros, y algunos alumnos del Liceo T\u00e9cnico Profesional que simularon ser p\u00fablico del museo.<\/p>\n<p>\u201cDurante\u00a0las visitas conocimos a todos los gu\u00edas y son excelentes, encantadores, estamos seguros que sus conocimientos nos ser\u00e1n de mucha ayuda para nuestro examen final\u201d, manifestaron los tres alumnos en el libro de visitas.<\/p>\n<p>Una vez rendido el examen, la profesora agradeci\u00f3 a nombre del establecimiento\u00a0\u201cla oportunidad que le brindaron a nuestros alumnos el poder conocer nuestra historia a trav\u00e9s de este museo, que sin duda es un aporte para ellos puesto que lograron captar la esencia del proyecto y transmit\u00edrselos a sus compa\u00f1eros. Valoro el aporte no s\u00f3lo profesional sino tambi\u00e9n personal que el equipo de la casa museo entreg\u00f3 a los estudiantes, a qui\u00e9nes al momento de rendir su examen los not\u00e9 relajados, contentos y conformes con lo aprendido\u201d.<\/p>\n<p>Para Casa Museo Eduardo Frei esta fue una experiencia nueva donde\u00a0notamos\u00a0el aporte que pudimos entregar a los alumnos que sin duda tambi\u00e9n nos enriquecieron con su mirada del proyecto. &#8220;Encantados seguiremos trabajando en conjunto y generando alianzas con otros establecimientos interesados, poniendo a disposici\u00f3n de la comunidad este monumento nacional&#8221; afirma Mar\u00eda Jos\u00e9 Lira.<\/p>","protected":false},"excerpt":{"rendered":"<p>Sorry, this entry is only available in Espa\u00f1ol.<\/p>\n","protected":false},"author":4,"featured_media":0,"comment_status":"open","ping_status":"open","sticky":false,"template":"","format":"standard","meta":{"_acf_changed":false,"footnotes":""},"categories":[14],"tags":[44,46,71,72],"class_list":["post-4010","post","type-post","status-publish","format-standard","hentry","category-noticias","tag-casa-museo","tag-eduardo-frei-montalva","tag-examen-final-alumnos","tag-liceo-tecnico-profesional-la-florida"],"acf":[],"_links":{"self":[{"href":"https:\/\/www.casamuseoeduardofrei.cl\/en\/wp-json\/wp\/v2\/posts\/4010","targetHints":{"allow":["GET"]}}],"collection":[{"href":"https:\/\/www.casamuseoeduardofrei.cl\/en\/wp-json\/wp\/v2\/posts"}],"about":[{"href":"https:\/\/www.casamuseoeduardofrei.cl\/en\/wp-json\/wp\/v2\/types\/post"}],"author":[{"embeddable":true,"href":"https:\/\/www.casamuseoeduardofrei.cl\/en\/wp-json\/wp\/v2\/users\/4"}],"replies":[{"embeddable":true,"href":"https:\/\/www.casamuseoeduardofrei.cl\/en\/wp-json\/wp\/v2\/comments?post=4010"}],"version-history":[{"count":1,"href":"https:\/\/www.casamuseoeduardofrei.cl\/en\/wp-json\/wp\/v2\/posts\/4010\/revisions"}],"predecessor-version":[{"id":12511,"href":"https:\/\/www.casamuseoeduardofrei.cl\/en\/wp-json\/wp\/v2\/posts\/4010\/revisions\/12511"}],"wp:attachment":[{"href":"https:\/\/www.casamuseoeduardofrei.cl\/en\/wp-json\/wp\/v2\/media?parent=4010"}],"wp:term":[{"taxonomy":"category","embeddable":true,"href":"https:\/\/www.casamuseoeduardofrei.cl\/en\/wp-json\/wp\/v2\/categories?post=4010"},{"taxonomy":"post_tag","embeddable":true,"href":"https:\/\/www.casamuseoeduardofrei.cl\/en\/wp-json\/wp\/v2\/tags?post=4010"}],"curies":[{"name":"wp","href":"https:\/\/api.w.org\/{rel}","templated":true}]}}