{"id":3713,"date":"2009-10-28T15:33:11","date_gmt":"2009-10-28T19:33:11","guid":{"rendered":"http:\/\/www.casamuseoeduardofrei.cl\/?p=3713"},"modified":"2018-01-23T11:35:50","modified_gmt":"2018-01-23T14:35:50","slug":"recuerdos-de-iquique","status":"publish","type":"post","link":"https:\/\/www.casamuseoeduardofrei.cl\/en\/recuerdos-de-iquique\/","title":{"rendered":"Recuerdos de Iquique"},"content":{"rendered":"<p>Iquique es la ciudad donde Eduardo Frei Montalva vive importantes episodios en su vida. Es aqu\u00ed donde se traslada reci\u00e9n casado con su mujer, Mar\u00eda Ruiz-Tagle; nace su primera hija, Irene; asume como director del Diario El Tarapac\u00e1 y escribe su primer libro, \u201cChile Desconocido\u201d.<!--more--><\/p>\n<p>Era 1935 y Eduardo Frei Montalva, soltero, con apenas 24 a\u00f1os y grandes sue\u00f1os decide postular al cargo de director del Diario \u201cEl Tarapac\u00e1\u201d puesto que gan\u00f3 y que le signific\u00f3 trasladarse a la ciudad de Iquique.<\/p>\n<p>Una vez asumido el cargo comienza a buscar un lugar donde vivir, seguramente no solo, puesto que meses despu\u00e9s contrae matrimonio con Mar\u00eda Ruiz-Tagle con qui\u00e9n arriba a la ciudad.<\/p>\n<p>La joven pareja vive en una casa en calle Thompson 151 (ver fotograf\u00eda), vivienda de un piso, con 4 dormitorios, sala de estar y 2 comedores.<\/p>\n<div id=\"attachment_3724\" style=\"width: 310px\" class=\"wp-caption alignleft\"><a href=\"http:\/\/www.casamuseoeduardofrei.cl\/wp-content\/uploads\/2009\/10\/foto_frei_y_marina.jpg\" data-rel=\"lightbox-image-0\" data-rl_title=\"\" data-rl_caption=\"\"><img loading=\"lazy\" decoding=\"async\" aria-describedby=\"caption-attachment-3724\" class=\"size-full wp-image-3724\" title=\"\" src=\"http:\/\/www.casamuseoeduardofrei.cl\/wp-content\/uploads\/2009\/10\/foto_frei_y_marina.jpg\" alt=\"Eduardo Frei y Marina Navarro en fachada de la casa\" width=\"300\" height=\"180\" \/><\/a><p id=\"caption-attachment-3724\" class=\"wp-caption-text\">Eduardo Frei y Marina Navarro en fachada de la casa<\/p><\/div>\n<p>Actualmente en la propiedad, que se encuentra en un excelente estado de conservaci\u00f3n, vive la Sra. Marina Navarro (en la foto), due\u00f1a de la vivienda desde hace muchos a\u00f1os, y qui\u00e9n este a\u00f1o recibe una sorpresiva visita, Eduardo Frei hijo. Marina cordialmente se fotograf\u00eda con \u00e9l y le invita a conocer la que fuera la casa de su padre hace m\u00e1s de 70 a\u00f1os.<\/p>\n<p>Continuaba 1935 y Frei Montalva, perfeccionista y meticuloso, trabajaba intensamente en la direcci\u00f3n del diario, destac\u00e1ndose no s\u00f3lo por sus notas period\u00edsticas, sino por su gran claridad humana.<\/p>\n<p>\u201cDon Eduardo se quedaba hasta las dos o tres de la madrugada en el diario, redactando el editorial y supervigilando los talleres (\u2026) Le gustaba que el diario saliera sin ning\u00fan error.\u201d, narra el libro de Cristi\u00e1n Gazmuri, \u201cEduardo Frei Montalva y su \u00c9poca\u201d.<\/p>\n<p>A las labores de la direcci\u00f3n del diario se sum\u00f3 su actividad pol\u00edtica, dedic\u00e1ndose a la conformaci\u00f3n y organizaci\u00f3n de la Juventud Conservadora de la provincia de Tarapac\u00e1. Son los inicios de la llamada \u201cfalange\u201d, movimiento que da paso al partido Dem\u00f3crata Cristiano del cu\u00e1l Frei Montalva es uno de sus fundadores.<\/p>\n<p>Tras estas intensas jornadas, en su hogar siempre lo esperaba su mujer y meses despu\u00e9s su peque\u00f1a hija Irene, qui\u00e9n nace en marzo de 1936.<\/p>\n<div id=\"attachment_3729\" style=\"width: 210px\" class=\"wp-caption alignright\"><a href=\"http:\/\/www.casamuseoeduardofrei.cl\/wp-content\/uploads\/2009\/10\/frei_casa1.jpg\" data-rel=\"lightbox-image-1\" data-rl_title=\"\" data-rl_caption=\"\"><img loading=\"lazy\" decoding=\"async\" aria-describedby=\"caption-attachment-3729\" class=\"size-full wp-image-3729\" title=\"\" src=\"http:\/\/www.casamuseoeduardofrei.cl\/wp-content\/uploads\/2009\/10\/frei_casa1.jpg\" alt=\"Eduardo Frei en la entrada de la casa\" width=\"200\" height=\"133\" \/><\/a><p id=\"caption-attachment-3729\" class=\"wp-caption-text\">Eduardo Frei en la entrada de la casa<\/p><\/div>\n<p>Pasa un a\u00f1o y comienzan las elecciones parlamentarias donde el ex mandatario se presenta a candidato a diputado, elecci\u00f3n que no gan\u00f3, pero donde obtuvo la m\u00e1s alta mayor\u00eda individual (1.545 votos).<\/p>\n<p>Estos intensos dos a\u00f1os en el norte del pa\u00eds, posicionaron a Frei Montalva como un pol\u00edtico joven de grandes fortalezas intelectuales y \u00e9ticas. Sin embargo, el fuerte trabajo en la campa\u00f1a pol\u00edtica y la direcci\u00f3n del diario le hicieron tomar un descanso y decide regresar a Santiago en mayo de 1937, comenzando una nueva etapa. <a href=\"http:\/\/www.casamuseoeduardofrei.cl\/2009\/04\/biografia\/\" target=\"_self\">Ver m\u00e1s biograf\u00eda de Eduardo Frei Montalva.<\/a><\/p>","protected":false},"excerpt":{"rendered":"<p>Sorry, this entry is only available in Espa\u00f1ol.<\/p>\n","protected":false},"author":4,"featured_media":0,"comment_status":"open","ping_status":"open","sticky":false,"template":"","format":"standard","meta":{"_acf_changed":false,"footnotes":""},"categories":[14],"tags":[57,44,46,58,59],"class_list":["post-3713","post","type-post","status-publish","format-standard","hentry","category-noticias","tag-1935-1937","tag-casa-museo","tag-eduardo-frei-montalva","tag-eduardo-frei-ruiz-tagle","tag-iquique"],"acf":[],"_links":{"self":[{"href":"https:\/\/www.casamuseoeduardofrei.cl\/en\/wp-json\/wp\/v2\/posts\/3713","targetHints":{"allow":["GET"]}}],"collection":[{"href":"https:\/\/www.casamuseoeduardofrei.cl\/en\/wp-json\/wp\/v2\/posts"}],"about":[{"href":"https:\/\/www.casamuseoeduardofrei.cl\/en\/wp-json\/wp\/v2\/types\/post"}],"author":[{"embeddable":true,"href":"https:\/\/www.casamuseoeduardofrei.cl\/en\/wp-json\/wp\/v2\/users\/4"}],"replies":[{"embeddable":true,"href":"https:\/\/www.casamuseoeduardofrei.cl\/en\/wp-json\/wp\/v2\/comments?post=3713"}],"version-history":[{"count":1,"href":"https:\/\/www.casamuseoeduardofrei.cl\/en\/wp-json\/wp\/v2\/posts\/3713\/revisions"}],"predecessor-version":[{"id":12510,"href":"https:\/\/www.casamuseoeduardofrei.cl\/en\/wp-json\/wp\/v2\/posts\/3713\/revisions\/12510"}],"wp:attachment":[{"href":"https:\/\/www.casamuseoeduardofrei.cl\/en\/wp-json\/wp\/v2\/media?parent=3713"}],"wp:term":[{"taxonomy":"category","embeddable":true,"href":"https:\/\/www.casamuseoeduardofrei.cl\/en\/wp-json\/wp\/v2\/categories?post=3713"},{"taxonomy":"post_tag","embeddable":true,"href":"https:\/\/www.casamuseoeduardofrei.cl\/en\/wp-json\/wp\/v2\/tags?post=3713"}],"curies":[{"name":"wp","href":"https:\/\/api.w.org\/{rel}","templated":true}]}}