{"id":3689,"date":"2009-12-14T09:46:24","date_gmt":"2009-12-14T13:46:24","guid":{"rendered":"http:\/\/www.casamuseoeduardofrei.cl\/?p=3689"},"modified":"2018-01-23T11:36:46","modified_gmt":"2018-01-23T14:36:46","slug":"comienza-ciclo-de-cine-gratuito-protagonistas-del-siglo-xx","status":"publish","type":"post","link":"https:\/\/www.casamuseoeduardofrei.cl\/en\/comienza-ciclo-de-cine-gratuito-protagonistas-del-siglo-xx\/","title":{"rendered":"Casa Museo present\u00f3 Ciclo de Cine gratuito"},"content":{"rendered":"<p>Personas de toda edad asistieron al Ciclo \u201cProtagonistas del siglo XX\u201d, escenario que mostr\u00f3 cada s\u00e1bado la vida de cuatro personajes chilenos; los filmes sobre Nicanor Parra, Gabriela Mistral, Ra\u00fal Silva Henr\u00edquez y Alberto Hurtado fueron disfrutados en Hindenburg 683 a partir del s\u00e1bado 31 de octubre.<!--more--><\/p>\n<p>\u201cEsta experiencia nos permiti\u00f3 encantar a un p\u00fablico distinto, adultos mayores, j\u00f3venes y hasta ni\u00f1os visitaron este patrimonio nacional, concluyendo el recorrido con una buena pel\u00edcula, todo absolutamente gratis. Incluso muchos preguntaron por la posibilidad de ver algunas de las pel\u00edculas nuevamente, tema que estamos evaluando\u201d afirma Mar\u00eda Jos\u00e9 Lira, subdirectora de la Casa Museo.<\/p>\n<p>El ciclo comenz\u00f3 el 31 de octubre con \u201cRetrato de un Anti-poeta\u201d que cont\u00f3 con la presencia de su director V\u00edctor Jim\u00e9nez , quien dialog\u00f3 y contest\u00f3 las preguntas del p\u00fablico relacionadas principalmente con la \u201caventura\u201d de resumir en 72 minutos, 11 a\u00f1os de seguimiento a un resistente Nicanor Parra.<\/p>\n<p>Luego continuamos con &#8220;Gabriela de Elqui, Mistral del mundo&#8230; el misterio de una cigarra&#8221; del director chileno Luis R. Vera, pel\u00edcula estrenada el 2006 que muestra a la poetisa en su dimensi\u00f3n de maestra, amante, madre y luchadora social, destacando el testimonio de su \u00edntima amiga, la neoyorquina Doris Dana. Una pel\u00edcula que no dej\u00f3 a nadie indiferente.<\/p>\n<p>Finalmente los s\u00e1bados 14 y 21 de noviembre se exhibieron dos cintas del director Ricardo Larra\u00edn (La Frontera, 1991). La primera de ellas, el documental \u201cRa\u00fal Silva Henr\u00edquez, el cardenal\u201d que contiene sus \u00faltimas im\u00e1genes en vida, donde m\u00e1s de alg\u00fan asistente se emocion\u00f3 al ver la entrega total de Silva Henr\u00edquez hasta sus \u00faltimos d\u00edas.<\/p>\n<div id=\"attachment_3778\" style=\"width: 210px\" class=\"wp-caption alignleft\"><a href=\"http:\/\/www.casamuseoeduardofrei.cl\/wp-content\/uploads\/2009\/10\/foto_mistral_interior.jpg\" data-rel=\"lightbox-image-0\" data-rl_title=\"\" data-rl_caption=\"\"><img loading=\"lazy\" decoding=\"async\" aria-describedby=\"caption-attachment-3778\" class=\"size-full wp-image-3778\" title=\"\" src=\"http:\/\/www.casamuseoeduardofrei.cl\/wp-content\/uploads\/2009\/10\/foto_mistral_interior.jpg\" alt=\"P\u00fablico mirando &quot;Gabriela de Elqui, Mistral del Mundo&quot;\" width=\"200\" height=\"120\" \/><\/a><p id=\"caption-attachment-3778\" class=\"wp-caption-text\">P\u00fablico mirando &quot;Gabriela de Elqui, Mistral del Mundo&quot;<\/p><\/div>\n<p>El ciclo finaliz\u00f3 con la presencia de algunos ni\u00f1os que tras visitar la Casa Museo vieron en familia el filme \u201cAlberto \u00bfqui\u00e9n sabe cu\u00e1nto cuesta hacer un ojal?\u201d basada en los primeros a\u00f1os del Padre Hurtado y su discernimiento por la vocaci\u00f3n.<\/p>\n<p>Agradecemos a todos aquellos que nos apoyaron, difundieron y asistieron a este Primer Ciclo de Cine gratuito, el que esperamos repetir junto con m\u00e1s actividades que permitan acercar nuestro patrimonio nacional a la comunidad.<\/p>","protected":false},"excerpt":{"rendered":"<p>Sorry, this entry is only available in Espa\u00f1ol.<\/p>\n","protected":false},"author":4,"featured_media":0,"comment_status":"open","ping_status":"open","sticky":false,"template":"","format":"standard","meta":{"_acf_changed":false,"footnotes":""},"categories":[14],"tags":[44,45,46,47,48,49,50,52,53,54,55,56],"class_list":["post-3689","post","type-post","status-publish","format-standard","hentry","category-noticias","tag-casa-museo","tag-cine","tag-eduardo-frei-montalva","tag-entrada-gratis","tag-gabriela-mistral","tag-gratis","tag-nicanor-parra","tag-padre-alberto-hurtado","tag-panoramas-gratis","tag-protagonistas","tag-raul-silva-henriquez","tag-siglo-xx"],"acf":[],"_links":{"self":[{"href":"https:\/\/www.casamuseoeduardofrei.cl\/en\/wp-json\/wp\/v2\/posts\/3689","targetHints":{"allow":["GET"]}}],"collection":[{"href":"https:\/\/www.casamuseoeduardofrei.cl\/en\/wp-json\/wp\/v2\/posts"}],"about":[{"href":"https:\/\/www.casamuseoeduardofrei.cl\/en\/wp-json\/wp\/v2\/types\/post"}],"author":[{"embeddable":true,"href":"https:\/\/www.casamuseoeduardofrei.cl\/en\/wp-json\/wp\/v2\/users\/4"}],"replies":[{"embeddable":true,"href":"https:\/\/www.casamuseoeduardofrei.cl\/en\/wp-json\/wp\/v2\/comments?post=3689"}],"version-history":[{"count":1,"href":"https:\/\/www.casamuseoeduardofrei.cl\/en\/wp-json\/wp\/v2\/posts\/3689\/revisions"}],"predecessor-version":[{"id":12512,"href":"https:\/\/www.casamuseoeduardofrei.cl\/en\/wp-json\/wp\/v2\/posts\/3689\/revisions\/12512"}],"wp:attachment":[{"href":"https:\/\/www.casamuseoeduardofrei.cl\/en\/wp-json\/wp\/v2\/media?parent=3689"}],"wp:term":[{"taxonomy":"category","embeddable":true,"href":"https:\/\/www.casamuseoeduardofrei.cl\/en\/wp-json\/wp\/v2\/categories?post=3689"},{"taxonomy":"post_tag","embeddable":true,"href":"https:\/\/www.casamuseoeduardofrei.cl\/en\/wp-json\/wp\/v2\/tags?post=3689"}],"curies":[{"name":"wp","href":"https:\/\/api.w.org\/{rel}","templated":true}]}}