{"id":17,"date":"2014-10-13T15:35:47","date_gmt":"2014-10-13T15:35:47","guid":{"rendered":"http:\/\/www.casamuseoeduardofrei.cl\/?p=17"},"modified":"2015-03-28T13:22:04","modified_gmt":"2015-03-28T16:22:04","slug":"objeto-del-mes-irene-frei-montalva-luchadora-por-la-justicia-social","status":"publish","type":"post","link":"https:\/\/www.casamuseoeduardofrei.cl\/en\/objeto-del-mes-irene-frei-montalva-luchadora-por-la-justicia-social\/","title":{"rendered":"Objeto del Mes: Irene Frei Montalva, luchadora por la justicia social"},"content":{"rendered":"","protected":false},"excerpt":{"rendered":"<p>En octubre, recordamos a Irene Frei Montalva, hermana de Eduardo y una de sus m\u00e1s cercanas colaboradoras. Regidora por Santiago, electa con la m\u00e1s alta mayor\u00eda en 1963, fue una de las primeras mujeres que se aventur\u00f3 en la pol\u00edtica.<\/p>\n","protected":false},"author":4,"featured_media":18,"comment_status":"open","ping_status":"open","sticky":false,"template":"","format":"standard","meta":{"_acf_changed":false,"footnotes":""},"categories":[15],"tags":[],"class_list":["post-17","post","type-post","status-publish","format-standard","has-post-thumbnail","hentry","category-objeto-del-mes"],"acf":[],"_links":{"self":[{"href":"https:\/\/www.casamuseoeduardofrei.cl\/en\/wp-json\/wp\/v2\/posts\/17","targetHints":{"allow":["GET"]}}],"collection":[{"href":"https:\/\/www.casamuseoeduardofrei.cl\/en\/wp-json\/wp\/v2\/posts"}],"about":[{"href":"https:\/\/www.casamuseoeduardofrei.cl\/en\/wp-json\/wp\/v2\/types\/post"}],"author":[{"embeddable":true,"href":"https:\/\/www.casamuseoeduardofrei.cl\/en\/wp-json\/wp\/v2\/users\/4"}],"replies":[{"embeddable":true,"href":"https:\/\/www.casamuseoeduardofrei.cl\/en\/wp-json\/wp\/v2\/comments?post=17"}],"version-history":[{"count":0,"href":"https:\/\/www.casamuseoeduardofrei.cl\/en\/wp-json\/wp\/v2\/posts\/17\/revisions"}],"wp:featuredmedia":[{"embeddable":true,"href":"https:\/\/www.casamuseoeduardofrei.cl\/en\/wp-json\/wp\/v2\/media\/18"}],"wp:attachment":[{"href":"https:\/\/www.casamuseoeduardofrei.cl\/en\/wp-json\/wp\/v2\/media?parent=17"}],"wp:term":[{"taxonomy":"category","embeddable":true,"href":"https:\/\/www.casamuseoeduardofrei.cl\/en\/wp-json\/wp\/v2\/categories?post=17"},{"taxonomy":"post_tag","embeddable":true,"href":"https:\/\/www.casamuseoeduardofrei.cl\/en\/wp-json\/wp\/v2\/tags?post=17"}],"curies":[{"name":"wp","href":"https:\/\/api.w.org\/{rel}","templated":true}]}}