{"id":16166,"date":"2022-05-04T05:45:48","date_gmt":"2022-05-04T09:45:48","guid":{"rendered":"https:\/\/www.casamuseoeduardofrei.cl\/?p=16166"},"modified":"2022-06-06T13:30:14","modified_gmt":"2022-06-06T17:30:14","slug":"aprendiendo-de-la-historia-y-patrimonio-del-siglo-xx-a-traves-de-regalos-obsequiados-a-un-presidente-de-la-nacion","status":"publish","type":"post","link":"https:\/\/www.casamuseoeduardofrei.cl\/en\/aprendiendo-de-la-historia-y-patrimonio-del-siglo-xx-a-traves-de-regalos-obsequiados-a-un-presidente-de-la-nacion\/","title":{"rendered":"Destacado del mes | Aprendiendo a trav\u00e9s de los regalos a un Presidente"},"content":{"rendered":"<p class=\"has-medium-font-size\"><strong>&#8211; En el marco de nuestro 14\u00ba aniversario y del D\u00eda Internacional de los Museos 2022, Casa<\/strong> <strong>Museo EFM ha sumado nuevos recursos educativos para los establecimientos educacionales.<br>&#8211; Un mapa interactivo y dos l\u00edneas de tiempo son parte de este nuevo contenido disponible en www.galeriaefm.cl desde el 18 de mayo.<br>&#8211; Monumento Nacional, Casa Museo es la \u00fanica casa de un exmandatario chileno, trabajada museogr\u00e1ficamente.<\/strong><\/p>\r\n\r\n\r\n\r\n<hr class=\"wp-block-separator\"\/>\r\n\r\n\r\n\r\n<p class=\"has-drop-cap has-medium-font-size\">A trav\u00e9s a un convenio de colaboraci\u00f3n con la Universidad de Los Andes, tres alumnos del Magister en Historia y Gesti\u00f3n del Patrimonio Cultural, realizaron su proyecto de t\u00edtulo sobre los regalos que recibi\u00f3 el exmandatario durante su periodo presidencial 1964-1970. Presentes que hoy se resignifican, no s\u00f3lo por su valor como objetos patrimoniales, sino tambi\u00e9n por el contexto y periodo en el que estos fueron entregados: en medio del conflicto de la Guerra Fr\u00eda, el presidente Eduardo Frei Montalva fue un pol\u00edtico de avanzada, mostrando Chile al mundo a trav\u00e9s de su gira internacional.<\/p>\r\n\r\n\r\n\r\n<figure class=\"wp-block-embed is-type-video is-provider-youtube wp-block-embed-youtube wp-embed-aspect-16-9 wp-has-aspect-ratio\"><div class=\"wp-block-embed__wrapper\">\r\n<iframe loading=\"lazy\" title=\"Video promocional nuevos recursos educacionales\" width=\"500\" height=\"281\" src=\"https:\/\/www.youtube.com\/embed\/RM99j2FgFjY?feature=oembed\" frameborder=\"0\" allow=\"accelerometer; autoplay; clipboard-write; encrypted-media; gyroscope; picture-in-picture; web-share\" referrerpolicy=\"strict-origin-when-cross-origin\" allowfullscreen><\/iframe>\r\n<\/div><\/figure>\r\n\r\n\r\n\r\n<p class=\"has-medium-font-size\">Los investigadores Loreto Alarc\u00f3n, Fabi\u00e1n Sep\u00falveda y Luis Mart\u00ednez realizaron como proyecto de t\u00edtulo, durante todo el 2021, \u201cLos obsequios del Presidente\u201d, seleccionando los objetos m\u00e1s valiosos y significativos, para luego generar un mapa interactivo y dos l\u00edneas de tiempo digitales, los que forman parte de estas nuevas herramientas de aprendizaje y educaci\u00f3n que Casa Museo ofrece hoy a los docentes, profesores y acad\u00e9micos.<\/p>\r\n\r\n\r\n\r\n<p class=\"has-medium-font-size\"><br>La bandeja de plata Tiffany\u2019s, entregada por el presidente de EE.UU Lyndon Johnson en 1967, en el marco de la cumbre de la OEA realizada en Punta del Este, Uruguay; la estatuilla de bronce que el Alcalde de Roma le obsequi\u00f3 con la representativa figura de la Loba capitolina, parte del mito de la fundaci\u00f3n de la ciudad; una vajilla inglesa con borde dorado que incorpora los escudos de ambas naciones, obsequiada por la Reina Isabel II en 1965 en Londres; un tapiz creado por el artista Jean Lur\u00e7at \u201cLe nouveau trident\u201d (Los nuevos tridentes) entregado por el presidente franc\u00e9s de la \u00e9poca, Charles de Gaulle; las copas de cristal obsequiadas por los reyes de B\u00e9lgica, en el marco de la cena realizada en Hindenburg junto a la Reina Isabel II, y otros, adquieren un valor geopol\u00edtico hist\u00f3rico, gracias al mapa interactivo y la l\u00ednea de tiempo que hoy pueden ser usados por alumnos y estudiantes, tanto a nivel nacional como internacional.<\/p>\r\n\r\n\r\n\r\n<p class=\"has-medium-font-size\">Este contenido estar\u00e1 disponible desde el 18 de mayo en nuestra web <a href=\"http:\/\/www.galeriaefm.cl\">www.galeriaefm.cl.<\/a><br><\/p>\r\n\r\n\r\n\r\n<div class=\"wp-block-columns is-layout-flex wp-container-core-columns-is-layout-9d6595d7 wp-block-columns-is-layout-flex\">\r\n<div class=\"wp-block-column is-layout-flow wp-block-column-is-layout-flow\" style=\"flex-basis:100%\">\r\n<figure class=\"wp-block-gallery has-nested-images columns-default is-cropped wp-block-gallery-2 is-layout-flex wp-block-gallery-is-layout-flex\">\r\n<figure class=\"wp-block-image size-large\"><a href=\"https:\/\/www.casamuseoeduardofrei.cl\/wp-content\/uploads\/2022\/05\/vajilla.jpg\" data-rel=\"lightbox-image-6\" data-rl_title=\"\" data-rl_caption=\"\" title=\"\"><img loading=\"lazy\" decoding=\"async\" width=\"500\" height=\"500\" data-id=\"16172\" src=\"https:\/\/www.casamuseoeduardofrei.cl\/wp-content\/uploads\/2022\/05\/vajilla.jpg\" alt=\"\" class=\"wp-image-16172\" srcset=\"https:\/\/www.casamuseoeduardofrei.cl\/wp-content\/uploads\/2022\/05\/vajilla.jpg 500w, https:\/\/www.casamuseoeduardofrei.cl\/wp-content\/uploads\/2022\/05\/vajilla-300x300.jpg 300w, https:\/\/www.casamuseoeduardofrei.cl\/wp-content\/uploads\/2022\/05\/vajilla-150x150.jpg 150w, https:\/\/www.casamuseoeduardofrei.cl\/wp-content\/uploads\/2022\/05\/vajilla-250x250.jpg 250w\" sizes=\"auto, (max-width: 500px) 100vw, 500px\" \/><\/a><figcaption>Vajilla inglesa con borde dorado que incorpora los escudos de ambas naciones, obsequiada por la Reina Isabel II en 1965 en Londres<\/figcaption><\/figure>\r\n\r\n\r\n\r\n<figure class=\"wp-block-image size-large\"><a href=\"https:\/\/www.casamuseoeduardofrei.cl\/wp-content\/uploads\/2022\/05\/bandeja.jpg\" data-rel=\"lightbox-image-7\" data-rl_title=\"\" data-rl_caption=\"\" title=\"\"><img loading=\"lazy\" decoding=\"async\" width=\"460\" height=\"442\" data-id=\"16171\" src=\"https:\/\/www.casamuseoeduardofrei.cl\/wp-content\/uploads\/2022\/05\/bandeja.jpg\" alt=\"\" class=\"wp-image-16171\" srcset=\"https:\/\/www.casamuseoeduardofrei.cl\/wp-content\/uploads\/2022\/05\/bandeja.jpg 460w, https:\/\/www.casamuseoeduardofrei.cl\/wp-content\/uploads\/2022\/05\/bandeja-300x288.jpg 300w, https:\/\/www.casamuseoeduardofrei.cl\/wp-content\/uploads\/2022\/05\/bandeja-250x240.jpg 250w\" sizes=\"auto, (max-width: 460px) 100vw, 460px\" \/><\/a><figcaption>Bandeja de plata Tiffany\u2019s, entregada por el presidente de EE.UU Lyndon Johnson en 1967, en el marco de la cumbre de la OEA realizada en Punta del Este, Uruguay<\/figcaption><\/figure>\r\n\r\n\r\n\r\n<figure class=\"wp-block-image size-large\"><a href=\"https:\/\/www.casamuseoeduardofrei.cl\/wp-content\/uploads\/2022\/05\/lurcat.jpg\" data-rel=\"lightbox-image-8\" data-rl_title=\"\" data-rl_caption=\"\" title=\"\"><img loading=\"lazy\" decoding=\"async\" width=\"526\" height=\"701\" data-id=\"16170\" src=\"https:\/\/www.casamuseoeduardofrei.cl\/wp-content\/uploads\/2022\/05\/lurcat.jpg\" alt=\"\" class=\"wp-image-16170\" srcset=\"https:\/\/www.casamuseoeduardofrei.cl\/wp-content\/uploads\/2022\/05\/lurcat.jpg 526w, https:\/\/www.casamuseoeduardofrei.cl\/wp-content\/uploads\/2022\/05\/lurcat-225x300.jpg 225w, https:\/\/www.casamuseoeduardofrei.cl\/wp-content\/uploads\/2022\/05\/lurcat-250x333.jpg 250w\" sizes=\"auto, (max-width: 526px) 100vw, 526px\" \/><\/a><figcaption>Tapiz creado por el artista Jean Lur\u00e7at \u201cLe nouveau trident\u201d (Los nuevos tridentes) entregado por el presidente franc\u00e9s de la \u00e9poca,  Charles de Gaulle<\/figcaption><\/figure>\r\n\r\n\r\n\r\n<figure class=\"wp-block-image size-large\"><a href=\"https:\/\/www.casamuseoeduardofrei.cl\/wp-content\/uploads\/2022\/05\/copas.jpg\" data-rel=\"lightbox-image-9\" data-rl_title=\"\" data-rl_caption=\"\" title=\"\"><img loading=\"lazy\" decoding=\"async\" width=\"1183\" height=\"1772\" data-id=\"16169\" src=\"https:\/\/www.casamuseoeduardofrei.cl\/wp-content\/uploads\/2022\/05\/copas.jpg\" alt=\"\" class=\"wp-image-16169\" srcset=\"https:\/\/www.casamuseoeduardofrei.cl\/wp-content\/uploads\/2022\/05\/copas.jpg 1183w, https:\/\/www.casamuseoeduardofrei.cl\/wp-content\/uploads\/2022\/05\/copas-200x300.jpg 200w, https:\/\/www.casamuseoeduardofrei.cl\/wp-content\/uploads\/2022\/05\/copas-684x1024.jpg 684w\" sizes=\"auto, (max-width: 1183px) 100vw, 1183px\" \/><\/a><figcaption>Copas de cristal obsequiadas por los reyes de B\u00e9lgica<\/figcaption><\/figure>\r\n\r\n\r\n\r\n<figure class=\"wp-block-image size-large\"><a href=\"https:\/\/www.casamuseoeduardofrei.cl\/wp-content\/uploads\/2022\/05\/loba.jpg\" data-rel=\"lightbox-image-10\" data-rl_title=\"\" data-rl_caption=\"\" title=\"\"><img loading=\"lazy\" decoding=\"async\" width=\"600\" height=\"503\" data-id=\"16168\" src=\"https:\/\/www.casamuseoeduardofrei.cl\/wp-content\/uploads\/2022\/05\/loba.jpg\" alt=\"\" class=\"wp-image-16168\" srcset=\"https:\/\/www.casamuseoeduardofrei.cl\/wp-content\/uploads\/2022\/05\/loba.jpg 600w, https:\/\/www.casamuseoeduardofrei.cl\/wp-content\/uploads\/2022\/05\/loba-300x252.jpg 300w, https:\/\/www.casamuseoeduardofrei.cl\/wp-content\/uploads\/2022\/05\/loba-250x210.jpg 250w\" sizes=\"auto, (max-width: 600px) 100vw, 600px\" \/><\/a><figcaption>La estatuilla de bronce que el Alcalde de Roma le obsequi\u00f3 con la representativa figura de la Loba capitolina, parte del mito de la fundaci\u00f3n de la ciudad<\/figcaption><\/figure>\r\n<\/figure>\r\n<\/div>\r\n<\/div>\r\n\r\n\r\n\r\n<p><br><\/p>\r\n\r\n\r\n\r\n<div class=\"wp-block-image\"><figure class=\"aligncenter size-large\"><a href=\"https:\/\/www.casamuseoeduardofrei.cl\/wp-content\/uploads\/2022\/05\/regalos-presidenteVF.jpg\" data-rel=\"lightbox-image-11\" data-rl_title=\"\" data-rl_caption=\"\" title=\"\"><img loading=\"lazy\" decoding=\"async\" width=\"691\" height=\"1024\" src=\"https:\/\/www.casamuseoeduardofrei.cl\/wp-content\/uploads\/2022\/05\/regalos-presidenteVF-691x1024.jpg\" alt=\"\" class=\"wp-image-16368\" srcset=\"https:\/\/www.casamuseoeduardofrei.cl\/wp-content\/uploads\/2022\/05\/regalos-presidenteVF-691x1024.jpg 691w, https:\/\/www.casamuseoeduardofrei.cl\/wp-content\/uploads\/2022\/05\/regalos-presidenteVF-203x300.jpg 203w, https:\/\/www.casamuseoeduardofrei.cl\/wp-content\/uploads\/2022\/05\/regalos-presidenteVF-768x1138.jpg 768w, https:\/\/www.casamuseoeduardofrei.cl\/wp-content\/uploads\/2022\/05\/regalos-presidenteVF.jpg 800w\" sizes=\"auto, (max-width: 691px) 100vw, 691px\" \/><\/a><\/figure><\/div>","protected":false},"excerpt":{"rendered":"<p>En el marco de nuestro 14\u00ba aniversario y del D\u00eda Internacional de los Museos 2022, Casa Museo EFM suma nuevos recursos educativos.<br \/>\nUn mapa interactivo y dos l\u00edneas de tiempo son parte de este nuevo contenido disponible en www.galeriaefm.cl desde el 18 de mayo.<\/p>\n","protected":false},"author":4,"featured_media":16168,"comment_status":"closed","ping_status":"open","sticky":false,"template":"","format":"standard","meta":{"_acf_changed":false,"footnotes":""},"categories":[379,14,15,1593],"tags":[44,289,46,1392],"class_list":["post-16166","post","type-post","status-publish","format-standard","has-post-thumbnail","hentry","category-actividades","category-noticias","category-objeto-del-mes","category-recursos-educativos","tag-casa-museo","tag-casa-museo-eduardo-frei-montalva","tag-eduardo-frei-montalva","tag-galeria-efm"],"acf":[],"_links":{"self":[{"href":"https:\/\/www.casamuseoeduardofrei.cl\/en\/wp-json\/wp\/v2\/posts\/16166","targetHints":{"allow":["GET"]}}],"collection":[{"href":"https:\/\/www.casamuseoeduardofrei.cl\/en\/wp-json\/wp\/v2\/posts"}],"about":[{"href":"https:\/\/www.casamuseoeduardofrei.cl\/en\/wp-json\/wp\/v2\/types\/post"}],"author":[{"embeddable":true,"href":"https:\/\/www.casamuseoeduardofrei.cl\/en\/wp-json\/wp\/v2\/users\/4"}],"replies":[{"embeddable":true,"href":"https:\/\/www.casamuseoeduardofrei.cl\/en\/wp-json\/wp\/v2\/comments?post=16166"}],"version-history":[{"count":12,"href":"https:\/\/www.casamuseoeduardofrei.cl\/en\/wp-json\/wp\/v2\/posts\/16166\/revisions"}],"predecessor-version":[{"id":16426,"href":"https:\/\/www.casamuseoeduardofrei.cl\/en\/wp-json\/wp\/v2\/posts\/16166\/revisions\/16426"}],"wp:featuredmedia":[{"embeddable":true,"href":"https:\/\/www.casamuseoeduardofrei.cl\/en\/wp-json\/wp\/v2\/media\/16168"}],"wp:attachment":[{"href":"https:\/\/www.casamuseoeduardofrei.cl\/en\/wp-json\/wp\/v2\/media?parent=16166"}],"wp:term":[{"taxonomy":"category","embeddable":true,"href":"https:\/\/www.casamuseoeduardofrei.cl\/en\/wp-json\/wp\/v2\/categories?post=16166"},{"taxonomy":"post_tag","embeddable":true,"href":"https:\/\/www.casamuseoeduardofrei.cl\/en\/wp-json\/wp\/v2\/tags?post=16166"}],"curies":[{"name":"wp","href":"https:\/\/api.w.org\/{rel}","templated":true}]}}