{"id":16010,"date":"2022-03-18T12:59:17","date_gmt":"2022-03-18T15:59:17","guid":{"rendered":"https:\/\/www.casamuseoeduardofrei.cl\/?p=16010"},"modified":"2022-05-03T16:24:06","modified_gmt":"2022-05-03T20:24:06","slug":"taller-presencial-leer-contar-y-aprender","status":"publish","type":"post","link":"https:\/\/www.casamuseoeduardofrei.cl\/en\/taller-presencial-leer-contar-y-aprender\/","title":{"rendered":"Taller presencial:                                                                                                                        Leer, contar y aprender"},"content":{"rendered":"\n<p class=\"has-medium-font-size\"><strong>Por segundo a\u00f1o consecutivo, Casa Museo Eduardo Frei Montalva, en conjunto con Fundaci\u00f3n ALMA, invitan a madres, padres y cuidadores de ni\u00f1os de 4 a 7 a\u00f1os a participar de un taller presencial donde aprender\u00e1n distintas herramientas para vincularse desde la lectura y el juego. Se realizar\u00e1n los mi\u00e9rcoles 6, 13, 20 Y 27 de abril, de 17:00 a 18:00 hrs.<br>Inscripciones gratuitas al correo <a rel=\"noreferrer noopener\" href=\"mailto:contacto@casamuseoeduardofrei.cl\" target=\"_blank\">contacto@casamuseoeduardofrei.cl<\/a> o en <a href=\"http:\/\/www.casamuseoeduardofrei.cl\">www.casamuseoeduardofrei.cl<\/a><\/strong><\/p>\n\n\n\n<hr class=\"wp-block-separator is-style-wide\"\/>\n\n\n\n<div class=\"wp-block-buttons is-layout-flex wp-block-buttons-is-layout-flex\">\n<div class=\"wp-block-button aligncenter is-style-fill\"><a class=\"wp-block-button__link has-luminous-vivid-orange-background-color has-background\" href=\"https:\/\/forms.gle\/8SDF5DVpEANaxWGs6\" target=\"_blank\" rel=\"noreferrer noopener\"><strong>Inscr\u00edbete aqu\u00ed<\/strong><\/a><\/div>\n<\/div>\n\n\n\n<hr class=\"wp-block-separator is-style-wide\"\/>\n\n\n\n<div class=\"wp-block-image\"><figure class=\"aligncenter size-full\"><a href=\"https:\/\/www.casamuseoeduardofrei.cl\/wp-content\/uploads\/2022\/03\/Claudio-Gomez_Penco1.jpeg\" data-rel=\"lightbox-image-0\" data-rl_title=\"\" data-rl_caption=\"\" title=\"\"><img loading=\"lazy\" decoding=\"async\" width=\"640\" height=\"427\" src=\"https:\/\/www.casamuseoeduardofrei.cl\/wp-content\/uploads\/2022\/03\/Claudio-Gomez_Penco1.jpeg\" alt=\"\" class=\"wp-image-16020\" srcset=\"https:\/\/www.casamuseoeduardofrei.cl\/wp-content\/uploads\/2022\/03\/Claudio-Gomez_Penco1.jpeg 640w, https:\/\/www.casamuseoeduardofrei.cl\/wp-content\/uploads\/2022\/03\/Claudio-Gomez_Penco1-300x200.jpeg 300w, https:\/\/www.casamuseoeduardofrei.cl\/wp-content\/uploads\/2022\/03\/Claudio-Gomez_Penco1-250x167.jpeg 250w\" sizes=\"auto, (max-width: 640px) 100vw, 640px\" \/><\/a><\/figure><\/div>\n\n\n\n<p class=\"has-medium-font-size\">Despu\u00e9s de una positiva respuesta a nuestros talleres online, realizados el a\u00f1o 2021, este 2022 nos reencontramos con Fundaci\u00f3n Alma y con ustedes en la presencialidad, invit\u00e1ndolos a formar parte de este taller de 4 sesiones, donde padres, madres y\/o cuidadores podr\u00e1n adquirir herramientas para leer y jugar con sus ni\u00f1os y ni\u00f1as en casa, potenciando el lenguaje, ayud\u00e1ndolos a desarrollar sus habilidades socioemocionales y despertando el gusto por la lectura, en \u201cLeer, Contar y Aprender\u201d.<\/p>\n\n\n\n<p class=\"has-medium-font-size\">Dedicado a adultos a cargo de ni\u00f1os de 4 a 7 a\u00f1os (mam\u00e1s, pap\u00e1s, abuelas, abuelos, cuidadores, etc.), en el taller se abordar\u00e1n estrategias de lectura compartida, de comprensi\u00f3n lectora y de desarrollo socio-emocional, incorporando el contexto y las vivencias personales de los ni\u00f1os frente al desarrollo de las actividades. As\u00ed, se ense\u00f1ar\u00e1 un juego relacionado a cada cuento que fomente el aprendizaje del lenguaje verbal y escrito y el desarrollo socio-emocional.<\/p>\n\n\n\n<p class=\"has-medium-font-size\">De esta manera, en cada sesi\u00f3n se trabajar\u00e1 un cuento y se ense\u00f1ar\u00e1 un juego relacionado que fomente el aprendizaje del lenguaje verbal, escrito y la expresi\u00f3n. Luego, durante la semana, los adultos realizar\u00e1n con los ni\u00f1os las actividades aprendidas en casa y en la siguiente sesi\u00f3n, adem\u00e1s de trabajar con un nuevo cuento, se compartir\u00e1n las experiencias de lectura y juego, lo que permitir\u00e1 generar una comunidad de aprendizaje entre los padres. Y compartir experiencias.<\/p>\n\n\n\n<p class=\"has-medium-font-size\"><strong>Cabe destacar que<mark style=\"background-color:rgba(0, 0, 0, 0)\" class=\"has-inline-color has-black-color\"> la actividad se realiza s\u00f3lo con adultos ( sin los ni\u00f1<\/mark><mark style=\"background-color:#ffffff\" class=\"has-inline-color has-black-color\">os) <\/mark>y en ella se entregar\u00e1n las herramientas para que luego el adulto lea y juegue durante la semana con los infantes.<\/strong><\/p>\n\n\n\n<p class=\"has-medium-font-size\"><strong>La inscripci\u00f3n es gratuita al mail <\/strong><a href=\"mailto:contacto@casamuseoeduardofrei.cl\" target=\"_blank\" rel=\"noreferrer noopener\"><strong>contacto@casamuseoeduardofrei.cl<\/strong><\/a><strong> o en <a href=\"http:\/\/www.casamuseoeduardofrei.cl\" target=\"_blank\" rel=\"noreferrer noopener\">www.casamuseoeduardofrei.cl<\/a>. El taller se realizar\u00e1 de forma presencial en Casa Museo Eduardo Frei Montalva ubicado en Hindenburg 683, Providencia, los mi\u00e9rcoles de abril: 6, 13, 20 y de 17:00 a 18:00 hrs.<\/strong><\/p>\n\n\n\n<p class=\"has-medium-font-size\"><strong>Por aforo, s\u00f3lo tendremos 20 cupos disponibles.<\/strong><\/p>\n\n\n\n<div class=\"wp-block-image\"><figure class=\"aligncenter size-full is-resized\"><a href=\"https:\/\/www.casamuseoeduardofrei.cl\/wp-content\/uploads\/2022\/03\/TALLER-ALMA-ABRIL-2022.jpg\" data-rel=\"lightbox-image-1\" data-rl_title=\"\" data-rl_caption=\"\" title=\"\"><img loading=\"lazy\" decoding=\"async\" src=\"https:\/\/www.casamuseoeduardofrei.cl\/wp-content\/uploads\/2022\/03\/TALLER-ALMA-ABRIL-2022.jpg\" alt=\"\" class=\"wp-image-16012\" width=\"600\" height=\"928\" srcset=\"https:\/\/www.casamuseoeduardofrei.cl\/wp-content\/uploads\/2022\/03\/TALLER-ALMA-ABRIL-2022.jpg 800w, https:\/\/www.casamuseoeduardofrei.cl\/wp-content\/uploads\/2022\/03\/TALLER-ALMA-ABRIL-2022-194x300.jpg 194w, https:\/\/www.casamuseoeduardofrei.cl\/wp-content\/uploads\/2022\/03\/TALLER-ALMA-ABRIL-2022-662x1024.jpg 662w, https:\/\/www.casamuseoeduardofrei.cl\/wp-content\/uploads\/2022\/03\/TALLER-ALMA-ABRIL-2022-768x1188.jpg 768w\" sizes=\"auto, (max-width: 600px) 100vw, 600px\" \/><\/a><\/figure><\/div>\n","protected":false},"excerpt":{"rendered":"<p>Por segundo a\u00f1o consecutivo, Casa Museo Eduardo Frei Montalva, en conjunto con Fundaci\u00f3n ALMA, invitan a madres, padres y cuidadores de ni\u00f1os de 4 a 7 a\u00f1os a participar de un taller presencial donde aprender\u00e1n distintas herramientas para vincularse desde la lectura y el juego. Inscr\u00edbete aqu\u00ed. <\/p>\n","protected":false},"author":4,"featured_media":16014,"comment_status":"closed","ping_status":"open","sticky":false,"template":"","format":"standard","meta":{"_acf_changed":false,"footnotes":""},"categories":[379,14],"tags":[],"class_list":["post-16010","post","type-post","status-publish","format-standard","has-post-thumbnail","hentry","category-actividades","category-noticias"],"acf":[],"_links":{"self":[{"href":"https:\/\/www.casamuseoeduardofrei.cl\/en\/wp-json\/wp\/v2\/posts\/16010","targetHints":{"allow":["GET"]}}],"collection":[{"href":"https:\/\/www.casamuseoeduardofrei.cl\/en\/wp-json\/wp\/v2\/posts"}],"about":[{"href":"https:\/\/www.casamuseoeduardofrei.cl\/en\/wp-json\/wp\/v2\/types\/post"}],"author":[{"embeddable":true,"href":"https:\/\/www.casamuseoeduardofrei.cl\/en\/wp-json\/wp\/v2\/users\/4"}],"replies":[{"embeddable":true,"href":"https:\/\/www.casamuseoeduardofrei.cl\/en\/wp-json\/wp\/v2\/comments?post=16010"}],"version-history":[{"count":2,"href":"https:\/\/www.casamuseoeduardofrei.cl\/en\/wp-json\/wp\/v2\/posts\/16010\/revisions"}],"predecessor-version":[{"id":16021,"href":"https:\/\/www.casamuseoeduardofrei.cl\/en\/wp-json\/wp\/v2\/posts\/16010\/revisions\/16021"}],"wp:featuredmedia":[{"embeddable":true,"href":"https:\/\/www.casamuseoeduardofrei.cl\/en\/wp-json\/wp\/v2\/media\/16014"}],"wp:attachment":[{"href":"https:\/\/www.casamuseoeduardofrei.cl\/en\/wp-json\/wp\/v2\/media?parent=16010"}],"wp:term":[{"taxonomy":"category","embeddable":true,"href":"https:\/\/www.casamuseoeduardofrei.cl\/en\/wp-json\/wp\/v2\/categories?post=16010"},{"taxonomy":"post_tag","embeddable":true,"href":"https:\/\/www.casamuseoeduardofrei.cl\/en\/wp-json\/wp\/v2\/tags?post=16010"}],"curies":[{"name":"wp","href":"https:\/\/api.w.org\/{rel}","templated":true}]}}