{"id":15868,"date":"2022-03-07T17:10:14","date_gmt":"2022-03-07T20:10:14","guid":{"rendered":"https:\/\/www.casamuseoeduardofrei.cl\/?p=15868"},"modified":"2022-04-04T14:11:30","modified_gmt":"2022-04-04T18:11:30","slug":"eloisa-diaz-insunza-mujer-ilustre-de-america","status":"publish","type":"post","link":"https:\/\/www.casamuseoeduardofrei.cl\/en\/eloisa-diaz-insunza-mujer-ilustre-de-america\/","title":{"rendered":"Destacado del Mes | Elo\u00edsa D\u00edaz Insunza: Mujer Ilustre de Am\u00e9rica"},"content":{"rendered":"\n<p class=\"has-medium-font-size\"><strong>Como cada a\u00f1o durante el mes de marzo, Casa Museo Eduardo Frei Montalva abre diferentes espacios de visibilizaci\u00f3n del rol de la mujer en la sociedad a trav\u00e9s de sus contenidos digitales, actividades y redes sociales. Por ello, este a\u00f1o queremos destacar, en este espacio digital, a una gran chilena, cuya figura ha ido cobrando importancia en los \u00faltimos a\u00f1os, pero de la que a\u00fan falta mucho por conocer. Nos referimos a Elo\u00edsa D\u00edaz Inzunza.<\/strong><\/p>\n\n\n\n<div class=\"wp-block-image\"><figure class=\"aligncenter size-full\"><a href=\"https:\/\/www.casamuseoeduardofrei.cl\/wp-content\/uploads\/2022\/03\/1_Eloisa-Diaz_sin-fecha_Coleccion-Museo-de-la-Educacion.jpg\" data-rel=\"lightbox-image-0\" data-rl_title=\"\" data-rl_caption=\"\" title=\"\"><img loading=\"lazy\" decoding=\"async\" width=\"475\" height=\"644\" src=\"https:\/\/www.casamuseoeduardofrei.cl\/wp-content\/uploads\/2022\/03\/1_Eloisa-Diaz_sin-fecha_Coleccion-Museo-de-la-Educacion.jpg\" alt=\"\" class=\"wp-image-15870\" srcset=\"https:\/\/www.casamuseoeduardofrei.cl\/wp-content\/uploads\/2022\/03\/1_Eloisa-Diaz_sin-fecha_Coleccion-Museo-de-la-Educacion.jpg 475w, https:\/\/www.casamuseoeduardofrei.cl\/wp-content\/uploads\/2022\/03\/1_Eloisa-Diaz_sin-fecha_Coleccion-Museo-de-la-Educacion-221x300.jpg 221w, https:\/\/www.casamuseoeduardofrei.cl\/wp-content\/uploads\/2022\/03\/1_Eloisa-Diaz_sin-fecha_Coleccion-Museo-de-la-Educacion-250x339.jpg 250w\" sizes=\"auto, (max-width: 475px) 100vw, 475px\" \/><\/a><figcaption>Elo\u00edsa D\u00edaz en su juventud. Colecci\u00f3n Museo de la Educaci\u00f3n Gabriela Mistral.<\/figcaption><\/figure><\/div>\n\n\n\n<hr class=\"wp-block-separator\"\/>\n\n\n\n<p class=\"has-medium-font-size\">Elo\u00edsa D\u00edaz naci\u00f3 un 25 de junio de 1866 en Santiago. Luego de cursar sus estudios primarios y secundarios, y con apenas 15 a\u00f1os, rindi\u00f3 los ex\u00e1menes para ingresar a estudiar medicina en la Universidad de Chile, situaci\u00f3n que caus\u00f3 gran revuelo pues por primera vez una joven se presentaba ante el claustro universitario como aspirante a alumna <a href=\"#_ftn1\" id=\"_ftnref1\">[1]<\/a>. Tras un exitoso desempe\u00f1o frente a una destacada comisi\u00f3n de acad\u00e9micos recibe su diploma de bachiller y comienza sus estudios de medicina en 1881.<\/p>\n\n\n\n<p class=\"has-medium-font-size\">Su paso por la universidad no fue f\u00e1cil, pues el ingreso de mujeres a la Educaci\u00f3n Superior era, por aquellos a\u00f1os, algo muy reciente y un fen\u00f3meno muy cuestionado por los sectores m\u00e1s conservadores de la sociedad que a\u00fan ve\u00edan la formaci\u00f3n profesional femenina de forma negativa pese a haber sido aprobada a finales de la d\u00e9cada de 1870 a trav\u00e9s de un decreto ministerial.<a href=\"#_ftn2\" id=\"_ftnref2\">[2]<\/a> Por lo mismo los procesos de formaci\u00f3n y las instituciones no estaban adaptadas a\u00fan a la presencia femenina en las aulas, raz\u00f3n por la que, seg\u00fan antecedentes biogr\u00e1ficos de Elo\u00edsa, ella debi\u00f3 presenciar muchas de sus clases guardando cierta distancia de sus compa\u00f1eros e incluso se le requiri\u00f3 la compa\u00f1\u00eda de su madre mientras fuera menor de edad. Tambi\u00e9n tuvo dificultades para asistir normalmente a sesiones pr\u00e1cticas donde los futuros m\u00e9dicos examinaban cuerpos masculinos desnudos, debido a lo inapropiado que se consideraba para una mujer en ese entonces.<\/p>\n\n\n\n<p class=\"has-medium-font-size\">Sin embargo, pese a todas las dificultades y desaf\u00edos, a fines de 1886 Elo\u00edsa D\u00edaz se gradu\u00f3 de la licenciatura en medicina y en enero de 1887 se titul\u00f3 como m\u00e9dico, convirti\u00e9ndose en la primera mujer latinoamericana en lograr este objetivo y con apenas 20 a\u00f1os. Su tesis titulada <em>Breves observaciones sobre la aparici\u00f3n de la pubertad en la mujer chilena y de las predisposiciones patol\u00f3gicas propias del sexo<\/em> no s\u00f3lo se convirti\u00f3 en uno de los primeros estudios estad\u00edsticos basado en casos femeninos y las enfermedades recurrentes al g\u00e9nero, sino tambi\u00e9n en una declaraci\u00f3n de principios de Elo\u00edsa D\u00edaz respecto del rol social de las mujeres y el cuestionamiento a sus capacidades del cu\u00e1l ella misma fue blanco.<\/p>\n\n\n\n<hr class=\"wp-block-separator\"\/>\n\n\n\n<figure class=\"wp-block-pullquote has-small-font-size\"><blockquote><p><em>\u201c\u00bfLa sociedad criticar\u00e1 severamente o absolver\u00e1 de todo cargo a la que os\u00f3 trazar el camino porque han empezado a seguir su respectiva jornada otras de mi sexo? <\/em>[\u2026]<\/p><p><em>Obtenida vuestra ben\u00e9vola aprobaci\u00f3n, seguir\u00e9 tranquila mi obra empezada dejando a los moralistas i fil\u00f3sofos discutir el problema que desfavorablemente para la mujer han resuelto ya los malhumorados pesimistas i otros\u201d<a id=\"_ftnref3\" href=\"#_ftn3\"><strong>[3]<\/strong><\/a><\/em><\/p><cite>Elo\u00edsa D\u00edaz, <em>Breves observaciones sobre la aparici\u00f3n de la pubertad en la mujer chilena y de las predisposiciones patol\u00f3gicas propias del sexo<\/em>, p. 5.<\/cite><\/blockquote><\/figure>\n\n\n\n<hr class=\"wp-block-separator is-style-wide\"\/>\n\n\n\n<p class=\"has-medium-font-size\">Luego de obtener su t\u00edtulo comenz\u00f3 a especializarse en el \u00e1rea de ginecolog\u00eda, abri\u00f3 su propio consultorio y se integr\u00f3 al cuerpo m\u00e9dico del hospital San Francisco de Borja. Tambi\u00e9n inici\u00f3 sus pasos en la academia, participando en congresos y desempe\u00f1\u00e1ndose como m\u00e9dico y docente en la Escuela Normal de Preceptores donde comenz\u00f3 a desarrollar una serie de pol\u00edticas de higiene escolar, que con el tiempo se traducir\u00edan en uno de sus grandes aportes.<\/p>\n\n\n\n<p class=\"has-medium-font-size\">En pleno cambio de siglo, Elo\u00edsa se encontraba ocupando el cargo de Inspector M\u00e9dico a nivel nacional, deber que ocupar\u00eda por tres d\u00e9cadas. Desde este lugar realiz\u00f3 intensos estudios sobre las condiciones higi\u00e9nicas en las que estudiaban ni\u00f1os y j\u00f3venes de las escuelas p\u00fablicas, visibilizando los problemas de iluminaci\u00f3n, abrigo, ventilaci\u00f3n y humedad a los que estaban expuestos, haciendo una fuerte defensa de la necesidad de mejoras que permitieran un adecuando desarrollo acad\u00e9mico, como el alcantarillado y el acceso a agua potable y a la atenci\u00f3n m\u00e9dica en los establecimientos para combatir enfermedades comunes de la \u00e9poca como la tuberculosis, la fiebre tifoidea, adem\u00e1s de la desnutrici\u00f3n y la higiene dental.<\/p>\n\n\n\n<p class=\"has-medium-font-size\">As\u00ed, uno de sus logros destacables es el haber reorganizado el Servicio M\u00e9dico Escolar para atender a las necesidades mencionadas y fue una impulsora de la pr\u00e1ctica del desayuno escolar que hasta nuestros d\u00edas se mantiene en la educaci\u00f3n p\u00fablica.<\/p>\n\n\n\n<p class=\"has-medium-font-size\">Este y muchos otros logros, tanto en la pr\u00e1ctica de su profesi\u00f3n como en el mundo acad\u00e9mico, le valieron numerosos reconocimientos, como el de \u201cMujer Ilustre de Am\u00e9rica\u201d que recibi\u00f3 durante el Congreso Cient\u00edfico Internacional de Medicina e Higiene realizado en Buenos Aires en 1910.<\/p>\n\n\n\n<div class=\"wp-block-image\"><figure class=\"aligncenter size-full\"><a href=\"https:\/\/www.casamuseoeduardofrei.cl\/wp-content\/uploads\/2022\/03\/6_Eloisa-Diaz_1920_Coleccion-Museo-Historico-Nacional.png\" data-rel=\"lightbox-image-1\" data-rl_title=\"\" data-rl_caption=\"\" title=\"\"><img loading=\"lazy\" decoding=\"async\" width=\"500\" height=\"333\" src=\"https:\/\/www.casamuseoeduardofrei.cl\/wp-content\/uploads\/2022\/03\/6_Eloisa-Diaz_1920_Coleccion-Museo-Historico-Nacional-edited.png\" alt=\"\" class=\"wp-image-15900\" srcset=\"https:\/\/www.casamuseoeduardofrei.cl\/wp-content\/uploads\/2022\/03\/6_Eloisa-Diaz_1920_Coleccion-Museo-Historico-Nacional-edited.png 500w, https:\/\/www.casamuseoeduardofrei.cl\/wp-content\/uploads\/2022\/03\/6_Eloisa-Diaz_1920_Coleccion-Museo-Historico-Nacional-edited-300x200.png 300w, https:\/\/www.casamuseoeduardofrei.cl\/wp-content\/uploads\/2022\/03\/6_Eloisa-Diaz_1920_Coleccion-Museo-Historico-Nacional-edited-250x167.png 250w\" sizes=\"auto, (max-width: 500px) 100vw, 500px\" \/><\/a><figcaption>Elo\u00edsa D\u00edaz en 1920. Colecci\u00f3n Museo Hist\u00f3rico Nacional.\n<\/figcaption><\/figure><\/div>\n\n\n\n<p class=\"has-medium-font-size\">A los 60 a\u00f1os se retir\u00f3 del ejercicio de la medicina, llevando una modesta vida hasta su muerte ocurrida en 1950. Hoy se le considera una de las mujeres m\u00e1s importantes de su \u00e9poca, tanto en Chile como en Latinoam\u00e9rica, sus aportes est\u00e1n vigentes hasta nuestros d\u00edas y su empe\u00f1o por insertarse en un mundo dominado por hombres le vale el reconocimiento como una de las pioneras en la lucha por la emancipaci\u00f3n femenina y los cambios sociales de finales del siglo XIX y principios del siglo XX.<\/p>\n\n\n\n<figure class=\"wp-block-gallery has-nested-images columns-default is-cropped wp-block-gallery-1 is-layout-flex wp-block-gallery-is-layout-flex\">\n<figure class=\"wp-block-image size-large\"><a href=\"https:\/\/www.casamuseoeduardofrei.cl\/wp-content\/uploads\/2022\/03\/5_Eloisa-Diaz_La-limentacion-de-los-ninos-pobres_Portada.jpg\" data-rel=\"lightbox-image-2\" data-rl_title=\"\" data-rl_caption=\"\" title=\"\"><img loading=\"lazy\" decoding=\"async\" width=\"485\" height=\"749\" data-id=\"15877\" src=\"https:\/\/www.casamuseoeduardofrei.cl\/wp-content\/uploads\/2022\/03\/5_Eloisa-Diaz_La-limentacion-de-los-ninos-pobres_Portada.jpg\" alt=\"\" class=\"wp-image-15877\" srcset=\"https:\/\/www.casamuseoeduardofrei.cl\/wp-content\/uploads\/2022\/03\/5_Eloisa-Diaz_La-limentacion-de-los-ninos-pobres_Portada.jpg 485w, https:\/\/www.casamuseoeduardofrei.cl\/wp-content\/uploads\/2022\/03\/5_Eloisa-Diaz_La-limentacion-de-los-ninos-pobres_Portada-194x300.jpg 194w, https:\/\/www.casamuseoeduardofrei.cl\/wp-content\/uploads\/2022\/03\/5_Eloisa-Diaz_La-limentacion-de-los-ninos-pobres_Portada-250x386.jpg 250w\" sizes=\"auto, (max-width: 485px) 100vw, 485px\" \/><\/a><figcaption>5.\tPortada del informe La alimentaci\u00f3n de los ni\u00f1os pobres en las escuelas p\u00fablicas de Elo\u00edsa D\u00edaz, publicado en 1906 en el Anuario del Ministerio de Instrucci\u00f3n P\u00fablica. Colecci\u00f3n Memoria Chilena.<\/figcaption><\/figure>\n\n\n\n<figure class=\"wp-block-image size-large\"><a href=\"https:\/\/www.casamuseoeduardofrei.cl\/wp-content\/uploads\/2022\/03\/2_Eloisa-Diaz_Tesis-medicina_Portada.jpg\" data-rel=\"lightbox-image-3\" data-rl_title=\"\" data-rl_caption=\"\" title=\"\"><img loading=\"lazy\" decoding=\"async\" width=\"467\" height=\"750\" data-id=\"15876\" src=\"https:\/\/www.casamuseoeduardofrei.cl\/wp-content\/uploads\/2022\/03\/2_Eloisa-Diaz_Tesis-medicina_Portada.jpg\" alt=\"\" class=\"wp-image-15876\" srcset=\"https:\/\/www.casamuseoeduardofrei.cl\/wp-content\/uploads\/2022\/03\/2_Eloisa-Diaz_Tesis-medicina_Portada.jpg 467w, https:\/\/www.casamuseoeduardofrei.cl\/wp-content\/uploads\/2022\/03\/2_Eloisa-Diaz_Tesis-medicina_Portada-187x300.jpg 187w, https:\/\/www.casamuseoeduardofrei.cl\/wp-content\/uploads\/2022\/03\/2_Eloisa-Diaz_Tesis-medicina_Portada-250x401.jpg 250w\" sizes=\"auto, (max-width: 467px) 100vw, 467px\" \/><\/a><figcaption>Portada de la tesis de Elo\u00edsa D\u00edaz con la que opt\u00f3 a su grado de licenciatura en 1888. Colecci\u00f3n Memoria Chilena.<\/figcaption><\/figure>\n\n\n\n<figure class=\"wp-block-image size-large\"><a href=\"https:\/\/www.casamuseoeduardofrei.cl\/wp-content\/uploads\/2022\/03\/4_Eloisa-Diaz_1925_Coleccion-Museo-Historico-Nacional.png\" data-rel=\"lightbox-image-4\" data-rl_title=\"\" data-rl_caption=\"\" title=\"\"><img loading=\"lazy\" decoding=\"async\" width=\"499\" height=\"186\" data-id=\"15901\" src=\"https:\/\/www.casamuseoeduardofrei.cl\/wp-content\/uploads\/2022\/03\/4_Eloisa-Diaz_1925_Coleccion-Museo-Historico-Nacional-edited.png\" alt=\"\" class=\"wp-image-15901\" srcset=\"https:\/\/www.casamuseoeduardofrei.cl\/wp-content\/uploads\/2022\/03\/4_Eloisa-Diaz_1925_Coleccion-Museo-Historico-Nacional-edited.png 499w, https:\/\/www.casamuseoeduardofrei.cl\/wp-content\/uploads\/2022\/03\/4_Eloisa-Diaz_1925_Coleccion-Museo-Historico-Nacional-edited-300x112.png 300w, https:\/\/www.casamuseoeduardofrei.cl\/wp-content\/uploads\/2022\/03\/4_Eloisa-Diaz_1925_Coleccion-Museo-Historico-Nacional-edited-250x93.png 250w\" sizes=\"auto, (max-width: 499px) 100vw, 499px\" \/><\/a><figcaption>Elo\u00edsa D\u00edaz en 1925. Colecci\u00f3n Museo Hist\u00f3rico Nacional.<\/figcaption><\/figure>\n<\/figure>\n\n\n\n<hr class=\"wp-block-separator\"\/>\n\n\n\n<p><a href=\"#_ftnref1\" id=\"_ftn1\">[1]<\/a> Ministerio de Educaci\u00f3n. Revista de Educaci\u00f3n, <em>Elo\u00edsa D\u00edaz Insunza: El derecho de la mujer a la educaci\u00f3n universitaria.<\/em> Disponible en l\u00ednea http:\/\/www.revistadeeducacion.cl\/eloisa-diaz-insunza-el-derecho-de-la-mujer-a-la-educacion-universitaria\/<\/p>\n\n\n\n<p><a href=\"#_ftnref2\" id=\"_ftn2\">[2]<\/a> Archivo Nacional de Chile, <em>Decreto Amun\u00e1tegui. Mujeres a la Universidad<\/em>. Disponible en l\u00ednea https:\/\/www.archivonacional.gob.cl\/616\/w3-article-8046.html?_noredirect=1<\/p>\n\n\n\n<p><a href=\"#_ftnref3\" id=\"_ftn3\">[3]<\/a> Elo\u00edsa D\u00edaz, <em>Breves observaciones sobre la aparici\u00f3n de la pubertad en la mujer chilena y de las predisposiciones patol\u00f3gicas propias del sexo<\/em>, p. 5. Disponible en l\u00ednea http:\/\/www.memoriachilena.gob.cl\/602\/w3-article-7970.html<\/p>\n","protected":false},"excerpt":{"rendered":"<p>Cada marzo, Casa Museo Eduardo Frei Montalva abre diferentes espacios de visibilizaci\u00f3n del rol de la mujer en la sociedad. Este a\u00f1o destacamos a una gran chilena, cuya figura ha ido cobrando importancia en los \u00faltimos a\u00f1os, pero de la que a\u00fan falta mucho por conocer. Nos referimos a Elo\u00edsa D\u00edaz Inzunza.<\/p>\n","protected":false},"author":4,"featured_media":15894,"comment_status":"closed","ping_status":"open","sticky":false,"template":"","format":"standard","meta":{"_acf_changed":false,"footnotes":""},"categories":[14],"tags":[44,1084,1583,1584],"class_list":["post-15868","post","type-post","status-publish","format-standard","has-post-thumbnail","hentry","category-noticias","tag-casa-museo","tag-chile","tag-eloisa-diaz","tag-mujeres-chilenas"],"acf":[],"_links":{"self":[{"href":"https:\/\/www.casamuseoeduardofrei.cl\/en\/wp-json\/wp\/v2\/posts\/15868","targetHints":{"allow":["GET"]}}],"collection":[{"href":"https:\/\/www.casamuseoeduardofrei.cl\/en\/wp-json\/wp\/v2\/posts"}],"about":[{"href":"https:\/\/www.casamuseoeduardofrei.cl\/en\/wp-json\/wp\/v2\/types\/post"}],"author":[{"embeddable":true,"href":"https:\/\/www.casamuseoeduardofrei.cl\/en\/wp-json\/wp\/v2\/users\/4"}],"replies":[{"embeddable":true,"href":"https:\/\/www.casamuseoeduardofrei.cl\/en\/wp-json\/wp\/v2\/comments?post=15868"}],"version-history":[{"count":9,"href":"https:\/\/www.casamuseoeduardofrei.cl\/en\/wp-json\/wp\/v2\/posts\/15868\/revisions"}],"predecessor-version":[{"id":15907,"href":"https:\/\/www.casamuseoeduardofrei.cl\/en\/wp-json\/wp\/v2\/posts\/15868\/revisions\/15907"}],"wp:featuredmedia":[{"embeddable":true,"href":"https:\/\/www.casamuseoeduardofrei.cl\/en\/wp-json\/wp\/v2\/media\/15894"}],"wp:attachment":[{"href":"https:\/\/www.casamuseoeduardofrei.cl\/en\/wp-json\/wp\/v2\/media?parent=15868"}],"wp:term":[{"taxonomy":"category","embeddable":true,"href":"https:\/\/www.casamuseoeduardofrei.cl\/en\/wp-json\/wp\/v2\/categories?post=15868"},{"taxonomy":"post_tag","embeddable":true,"href":"https:\/\/www.casamuseoeduardofrei.cl\/en\/wp-json\/wp\/v2\/tags?post=15868"}],"curies":[{"name":"wp","href":"https:\/\/api.w.org\/{rel}","templated":true}]}}