{"id":15804,"date":"2022-01-31T19:27:02","date_gmt":"2022-01-31T22:27:02","guid":{"rendered":"https:\/\/www.casamuseoeduardofrei.cl\/?p=15804"},"modified":"2022-03-08T10:35:02","modified_gmt":"2022-03-08T13:35:02","slug":"joyas-de-biblioteca-obras-completas-de-moliere","status":"publish","type":"post","link":"https:\/\/www.casamuseoeduardofrei.cl\/en\/joyas-de-biblioteca-obras-completas-de-moliere\/","title":{"rendered":"Destacado del Mes | Joyas de Biblioteca: Obras Completas de Moli\u00e8re"},"content":{"rendered":"\n<p>En esta nota deseamos acercarlos a uno de los tantos libros que tiene Frei Montalva en su biblioteca personal: las obras completas del dramaturgo y actor franc\u00e9s, Moli\u00e8re.<\/p>\n\n\n\n<hr class=\"wp-block-separator\"\/>\n\n\n\n<figure class=\"wp-block-image size-full\"><a href=\"https:\/\/www.casamuseoeduardofrei.cl\/wp-content\/uploads\/2022\/01\/IMG_3868-scaled.jpg\" data-rel=\"lightbox-image-0\" data-rl_title=\"\" data-rl_caption=\"\" title=\"\"><img loading=\"lazy\" decoding=\"async\" width=\"2048\" height=\"1536\" src=\"https:\/\/www.casamuseoeduardofrei.cl\/wp-content\/uploads\/2022\/01\/IMG_3868-scaled.jpg\" alt=\"\" class=\"wp-image-15805\" srcset=\"https:\/\/www.casamuseoeduardofrei.cl\/wp-content\/uploads\/2022\/01\/IMG_3868-scaled.jpg 2048w, https:\/\/www.casamuseoeduardofrei.cl\/wp-content\/uploads\/2022\/01\/IMG_3868-300x225.jpg 300w\" sizes=\"auto, (max-width: 2048px) 100vw, 2048px\" \/><\/a><figcaption>El  escritorio biblioteca del primer piso de la casa de Eduardo Frei Montalva fue conocido como &#8220;la Moneda chica&#8221;, lugar donde recibi\u00f3 a grandes personajes del siglo XX. A la izquierda de la fotograf\u00eda, est\u00e1 el sector donde se encuentran las Obras Completas de  Moli\u00e8re . <\/figcaption><\/figure>\n\n\n\n<hr class=\"wp-block-separator\"\/>\n\n\n\n<p>Como varios de los libros que est\u00e1n en Casa Museo, no sabemos exactamente cu\u00e1l es su procedencia. Pero, en este caso, estamos hablando de un cl\u00e1sico de la literatura mundial, del cual hasta el d\u00eda de hoy se hacen ediciones con las obras teatrales que escribi\u00f3 Moli\u00e8re. Adem\u00e1s, el exmandatario era un lector \u00e1vido, por lo que no es extra\u00f1o encontrarnos con este texto siendo parte de su biblioteca.<\/p>\n\n\n\n<div class=\"wp-block-media-text alignwide is-stacked-on-mobile is-image-fill\"><figure class=\"wp-block-media-text__media\" style=\"background-image:url(https:\/\/www.casamuseoeduardofrei.cl\/wp-content\/uploads\/2022\/01\/IMG_3889-scaled.jpg);background-position:71% 26%\"><img loading=\"lazy\" decoding=\"async\" width=\"1536\" height=\"2048\" src=\"https:\/\/www.casamuseoeduardofrei.cl\/wp-content\/uploads\/2022\/01\/IMG_3889-scaled.jpg\" alt=\"\" class=\"wp-image-15807 size-full\" srcset=\"https:\/\/www.casamuseoeduardofrei.cl\/wp-content\/uploads\/2022\/01\/IMG_3889-scaled.jpg 1536w, https:\/\/www.casamuseoeduardofrei.cl\/wp-content\/uploads\/2022\/01\/IMG_3889-225x300.jpg 225w, https:\/\/www.casamuseoeduardofrei.cl\/wp-content\/uploads\/2022\/01\/IMG_3889-768x1024.jpg 768w\" sizes=\"auto, (max-width: 1536px) 100vw, 1536px\" \/><\/figure><div class=\"wp-block-media-text__content\">\n<p>Las <em>Obras completas de Moli\u00e8re<\/em> es una edici\u00f3n de 1861 e impresa por la editorial de Firmin Didot Freres, Hijos y Compa\u00f1\u00eda<a href=\"#_ftn1\">[1]<\/a>. Forma parte de una colecci\u00f3n de la editorial que se llama Grandes Obras Literarias del Siglo XVII, que son recopilaciones tomando en cuenta las ediciones originales de los escritores.<\/p>\n\n\n\n<p>Es un libro de dos tomos, los cuales tienen dos vol\u00famenes cada uno con las 33 piezas teatrales del famoso escritor franc\u00e9s, y adem\u00e1s viene con notas y un prefacio de 1682.<\/p>\n<\/div><\/div>\n\n\n\n<p>El dramaturgo y actor naci\u00f3 bajo el nombre de Jean Baptiste Poquelin en 1622 en Par\u00eds. Gracias a que lleg\u00f3 a una familia culta y adinerada, estudi\u00f3 con los jesuitas y luego termin\u00f3 una licenciatura en derecho. Pero a sus veintitantos, al heredar el puesto de su padre como tapicero lacayo del rey, conoci\u00f3 a una actriz, lo abandon\u00f3 todo y fund\u00f3 su propia compa\u00f1\u00eda de teatro. Y lo hizo bajo el seud\u00f3nimo de Moli\u00e8re para proteger la honra de su familia y una suerte de cortar lazos definitivos con ellos, ya que en esa \u00e9poca el ser actor era algo mal visto y hasta condenado por la Iglesia Cat\u00f3lica.<\/p>\n\n\n\n<p>Su primer intento actoral lo llev\u00f3 a la ruina y por lo tanto, a la c\u00e1rcel. Tras esto decidi\u00f3 irse definitivamente de Par\u00eds y durante m\u00e1s de diez a\u00f1os viaj\u00f3 junto a su compa\u00f1\u00eda presentando actos en castillos, mesones<a href=\"#_ftn2\">[2]<\/a> y granjas, en ciudades y pueblos, y cobrando \u201ca la gorra\u201d, es decir, por medio de contribuciones que hac\u00eda el p\u00fablico luego de cada presentaci\u00f3n.<\/p>\n\n\n\n<p>En 1658 Moli\u00e8re logra un acierto que le asegura un bienestar econ\u00f3mico, aunque m\u00e1s adelante sabremos que no tranquilidad social: act\u00faa por primera vez frente al Rey Luis XIV. Y desde ah\u00ed queda bajo el cuidado del Rey. De hecho, hasta apadrin\u00f3 al primog\u00e9nito de Moli\u00e8re que naci\u00f3 en 1664.<\/p>\n\n\n\n<p>Desde ese momento no todo fue \u00e9xito. S\u00ed, estaba bajo el cuidado del Rey, sin embargo autoridades, o representantes de la \u00e9poca, se molestaban con las obras que presentaba Moli\u00e8re, ya que los temas que tocaba el dramaturgo, para ellos, era una falta de respeto a la moral.<\/p>\n\n\n\n<p>El tema m\u00e1s importante y que resaltaba Moli\u00e8re en casi todas sus obras era la hipocres\u00eda, considerado por \u00e9l un vicio universal presente en toda la sociedad. Pero el resto de los temas, como la ignorancia, la petulancia, la rigidez, la intolerancia que estaba presente en la casta alta de la sociedad y de quienes ejerc\u00edan labores como m\u00e9dicos, lograron que estos mismos impidiesen la presentaci\u00f3n en las tablas del trabajo de Moli\u00e8re.<\/p>\n\n\n\n<p>En todos estos conflictos el Rey puso la cara para proteger a su artista y lo sigui\u00f3 haciendo hasta el final de la vida de Moli\u00e8re. En 1673, al morir, la Iglesia no quer\u00eda que el actor franc\u00e9s fuese enterrado en \u201ctierra santa\u201d, porque a\u00f1os atr\u00e1s lo excomulgaron, pero el Rey vuelve a entregarle su apoyo y termina con una l\u00e1pida que lo recuerda como un ilustre comediante.<\/p>\n\n\n\n<p><em>Las obras completas de Moli\u00e8re<\/em> son parte de esta gran biblioteca de 3.600 vol\u00famenes, y que quienes nos visitan siempre pueden ver a la distancia.<\/p>\n\n\n\n<figure class=\"wp-block-gallery has-nested-images columns-default is-cropped wp-block-gallery-1 is-layout-flex wp-block-gallery-is-layout-flex\">\n<figure class=\"wp-block-image size-large\"><a href=\"https:\/\/www.casamuseoeduardofrei.cl\/wp-content\/uploads\/2022\/01\/IMG_3866.jpg\" data-rel=\"lightbox-image-1\" data-rl_title=\"\" data-rl_caption=\"\" title=\"\"><img decoding=\"async\" data-id=\"15815\" src=\"https:\/\/www.casamuseoeduardofrei.cl\/wp-content\/uploads\/2022\/01\/IMG_3866.jpg\" alt=\"\" class=\"wp-image-15815\"\/><\/a><figcaption>Estante de la biblioteca del exmandatario, en CMEFM.<\/figcaption><\/figure>\n\n\n\n<figure class=\"wp-block-image size-large\"><a href=\"https:\/\/www.casamuseoeduardofrei.cl\/wp-content\/uploads\/2022\/01\/IMG_3867-scaled.jpg\" data-rel=\"lightbox-image-2\" data-rl_title=\"\" data-rl_caption=\"\" title=\"\"><img loading=\"lazy\" decoding=\"async\" width=\"768\" height=\"1024\" data-id=\"15814\" src=\"https:\/\/www.casamuseoeduardofrei.cl\/wp-content\/uploads\/2022\/01\/IMG_3867-768x1024.jpg\" alt=\"\" class=\"wp-image-15814\" srcset=\"https:\/\/www.casamuseoeduardofrei.cl\/wp-content\/uploads\/2022\/01\/IMG_3867-768x1024.jpg 768w, https:\/\/www.casamuseoeduardofrei.cl\/wp-content\/uploads\/2022\/01\/IMG_3867-225x300.jpg 225w, https:\/\/www.casamuseoeduardofrei.cl\/wp-content\/uploads\/2022\/01\/IMG_3867-scaled.jpg 1536w\" sizes=\"auto, (max-width: 768px) 100vw, 768px\" \/><\/a><figcaption>Libro en estante de la biblioteca del exmandatario, en CMEFM.<\/figcaption><\/figure>\n\n\n\n<figure class=\"wp-block-image size-large\"><a href=\"https:\/\/www.casamuseoeduardofrei.cl\/wp-content\/uploads\/2022\/01\/IMG_3869-scaled.jpg\" data-rel=\"lightbox-image-3\" data-rl_title=\"\" data-rl_caption=\"\" title=\"\"><img loading=\"lazy\" decoding=\"async\" width=\"768\" height=\"1024\" data-id=\"15813\" src=\"https:\/\/www.casamuseoeduardofrei.cl\/wp-content\/uploads\/2022\/01\/IMG_3869-768x1024.jpg\" alt=\"\" class=\"wp-image-15813\" srcset=\"https:\/\/www.casamuseoeduardofrei.cl\/wp-content\/uploads\/2022\/01\/IMG_3869-768x1024.jpg 768w, https:\/\/www.casamuseoeduardofrei.cl\/wp-content\/uploads\/2022\/01\/IMG_3869-225x300.jpg 225w, https:\/\/www.casamuseoeduardofrei.cl\/wp-content\/uploads\/2022\/01\/IMG_3869-scaled.jpg 1536w\" sizes=\"auto, (max-width: 768px) 100vw, 768px\" \/><\/a><figcaption>Libro en estante de la biblioteca del exmandatario, en CMEFM.<\/figcaption><\/figure>\n\n\n\n<figure class=\"wp-block-image size-large\"><a href=\"https:\/\/www.casamuseoeduardofrei.cl\/wp-content\/uploads\/2022\/01\/IMG_3883-scaled.jpg\" data-rel=\"lightbox-image-4\" data-rl_title=\"\" data-rl_caption=\"\" title=\"\"><img loading=\"lazy\" decoding=\"async\" width=\"768\" height=\"1024\" data-id=\"15812\" src=\"https:\/\/www.casamuseoeduardofrei.cl\/wp-content\/uploads\/2022\/01\/IMG_3883-768x1024.jpg\" alt=\"\" class=\"wp-image-15812\" srcset=\"https:\/\/www.casamuseoeduardofrei.cl\/wp-content\/uploads\/2022\/01\/IMG_3883-768x1024.jpg 768w, https:\/\/www.casamuseoeduardofrei.cl\/wp-content\/uploads\/2022\/01\/IMG_3883-225x300.jpg 225w, https:\/\/www.casamuseoeduardofrei.cl\/wp-content\/uploads\/2022\/01\/IMG_3883-scaled.jpg 1536w\" sizes=\"auto, (max-width: 768px) 100vw, 768px\" \/><\/a><figcaption>Detalle del libro en la biblioteca del exmandatario en CMEFM<\/figcaption><\/figure>\n\n\n\n<figure class=\"wp-block-image size-large\"><a href=\"https:\/\/www.casamuseoeduardofrei.cl\/wp-content\/uploads\/2022\/01\/IMG_3884-scaled.jpg\" data-rel=\"lightbox-image-5\" data-rl_title=\"\" data-rl_caption=\"\" title=\"\"><img loading=\"lazy\" decoding=\"async\" width=\"768\" height=\"1024\" data-id=\"15811\" src=\"https:\/\/www.casamuseoeduardofrei.cl\/wp-content\/uploads\/2022\/01\/IMG_3884-768x1024.jpg\" alt=\"\" class=\"wp-image-15811\" srcset=\"https:\/\/www.casamuseoeduardofrei.cl\/wp-content\/uploads\/2022\/01\/IMG_3884-768x1024.jpg 768w, https:\/\/www.casamuseoeduardofrei.cl\/wp-content\/uploads\/2022\/01\/IMG_3884-225x300.jpg 225w, https:\/\/www.casamuseoeduardofrei.cl\/wp-content\/uploads\/2022\/01\/IMG_3884-scaled.jpg 1536w\" sizes=\"auto, (max-width: 768px) 100vw, 768px\" \/><\/a><figcaption>Detalle del libro en la biblioteca del exmandatario en CMEFM<\/figcaption><\/figure>\n\n\n\n<figure class=\"wp-block-image size-large\"><a href=\"https:\/\/www.casamuseoeduardofrei.cl\/wp-content\/uploads\/2022\/01\/IMG_3885-1-scaled.jpg\" data-rel=\"lightbox-image-6\" data-rl_title=\"\" data-rl_caption=\"\" title=\"\"><img loading=\"lazy\" decoding=\"async\" width=\"768\" height=\"1024\" data-id=\"15817\" src=\"https:\/\/www.casamuseoeduardofrei.cl\/wp-content\/uploads\/2022\/01\/IMG_3885-1-768x1024.jpg\" alt=\"\" class=\"wp-image-15817\" srcset=\"https:\/\/www.casamuseoeduardofrei.cl\/wp-content\/uploads\/2022\/01\/IMG_3885-1-768x1024.jpg 768w, https:\/\/www.casamuseoeduardofrei.cl\/wp-content\/uploads\/2022\/01\/IMG_3885-1-225x300.jpg 225w, https:\/\/www.casamuseoeduardofrei.cl\/wp-content\/uploads\/2022\/01\/IMG_3885-1-scaled.jpg 1536w\" sizes=\"auto, (max-width: 768px) 100vw, 768px\" \/><\/a><figcaption>Detalle del libro en la biblioteca del exmandatario en CMEFM<\/figcaption><\/figure>\n<\/figure>\n\n\n\n<p><strong><u>Referencias.<\/u><\/strong><\/p>\n\n\n\n<ul class=\"wp-block-list\"><li>Moli\u00e8re (2008). <em>Comedias<\/em>. Editorial Porr\u00faa. M\u00e9xico.<\/li><li>Moli\u00e8re (2003). <em>El m\u00e9dico a palos, Las mujeres sabihondas, El enfermo imaginario<\/em>. Edaf. Espa\u00f1a.<\/li><li>Moli\u00e8re (2007). <em>Tartufo, El avaro, El mis\u00e1ntropo<\/em>. Edaf. Espa\u00f1a.<\/li><li>B\u00e9nichou, P. (2018). <em>Im\u00e1genes del hombre en el clasicismo franc\u00e9s<\/em>. Fondo de Cultura Econ\u00f3mica. M\u00e9xico.<\/li><\/ul>\n\n\n\n<hr class=\"wp-block-separator\"\/>\n\n\n\n<p><a href=\"#_ftnref1\">[1]<\/a> Casa editorial famosa por ser creada por una familia de editores, tip\u00f3grafos e impresores, los Didot.<\/p>\n\n\n\n<p><a href=\"#_ftnref2\">[2]<\/a> Tipo de hospedaje p\u00fablico, casa en el que se arriendan habitaciones para viajeros, caballer\u00edas y carruajes.<\/p>\n","protected":false},"excerpt":{"rendered":"<p>En esta nota deseamos acercarlos a uno de los tantos libros que tiene Frei Montalva en su biblioteca personal: las obras completas del dramaturgo y actor franc\u00e9s, Moli\u00e8re.<\/p>\n","protected":false},"author":4,"featured_media":15805,"comment_status":"closed","ping_status":"open","sticky":false,"template":"","format":"standard","meta":{"_acf_changed":false,"footnotes":""},"categories":[1,14],"tags":[144,44,289,46,1579,1580,1578,1576,1577],"class_list":["post-15804","post","type-post","status-publish","format-standard","has-post-thumbnail","hentry","category-libros","category-noticias","tag-biblioteca","tag-casa-museo","tag-casa-museo-eduardo-frei-montalva","tag-eduardo-frei-montalva","tag-exmandatario","tag-expresidente","tag-la-moneda-chica","tag-moliere","tag-obras-completas"],"acf":[],"_links":{"self":[{"href":"https:\/\/www.casamuseoeduardofrei.cl\/en\/wp-json\/wp\/v2\/posts\/15804","targetHints":{"allow":["GET"]}}],"collection":[{"href":"https:\/\/www.casamuseoeduardofrei.cl\/en\/wp-json\/wp\/v2\/posts"}],"about":[{"href":"https:\/\/www.casamuseoeduardofrei.cl\/en\/wp-json\/wp\/v2\/types\/post"}],"author":[{"embeddable":true,"href":"https:\/\/www.casamuseoeduardofrei.cl\/en\/wp-json\/wp\/v2\/users\/4"}],"replies":[{"embeddable":true,"href":"https:\/\/www.casamuseoeduardofrei.cl\/en\/wp-json\/wp\/v2\/comments?post=15804"}],"version-history":[{"count":3,"href":"https:\/\/www.casamuseoeduardofrei.cl\/en\/wp-json\/wp\/v2\/posts\/15804\/revisions"}],"predecessor-version":[{"id":15910,"href":"https:\/\/www.casamuseoeduardofrei.cl\/en\/wp-json\/wp\/v2\/posts\/15804\/revisions\/15910"}],"wp:featuredmedia":[{"embeddable":true,"href":"https:\/\/www.casamuseoeduardofrei.cl\/en\/wp-json\/wp\/v2\/media\/15805"}],"wp:attachment":[{"href":"https:\/\/www.casamuseoeduardofrei.cl\/en\/wp-json\/wp\/v2\/media?parent=15804"}],"wp:term":[{"taxonomy":"category","embeddable":true,"href":"https:\/\/www.casamuseoeduardofrei.cl\/en\/wp-json\/wp\/v2\/categories?post=15804"},{"taxonomy":"post_tag","embeddable":true,"href":"https:\/\/www.casamuseoeduardofrei.cl\/en\/wp-json\/wp\/v2\/tags?post=15804"}],"curies":[{"name":"wp","href":"https:\/\/api.w.org\/{rel}","templated":true}]}}