{"id":15582,"date":"2021-11-29T18:56:00","date_gmt":"2021-11-29T21:56:00","guid":{"rendered":"https:\/\/www.casamuseoeduardofrei.cl\/?p=15582"},"modified":"2022-01-03T16:35:28","modified_gmt":"2022-01-03T19:35:28","slug":"en-el-nombre-del-padre-joyas-de-una-biblioteca","status":"publish","type":"post","link":"https:\/\/www.casamuseoeduardofrei.cl\/en\/en-el-nombre-del-padre-joyas-de-una-biblioteca\/","title":{"rendered":"En el nombre del Padre:                           joyas de una biblioteca"},"content":{"rendered":"\n<p><strong>La biblioteca de Casa Museo Eduardo Frei Montalva llama la atenci\u00f3n de nuestros visitantes no solo por la cantidad de libros (alrededor de unos 3.600 vol\u00famenes) divididos entre dos escritorios, sino tambi\u00e9n, porque habla de una colecci\u00f3n personal de este pol\u00edtico y abogado, que fue conocido como un gran lector.<\/strong><\/p>\n\n\n\n<figure class=\"wp-block-gallery columns-1 is-cropped wp-block-gallery-1 is-layout-flex wp-block-gallery-is-layout-flex\"><ul class=\"blocks-gallery-grid\"><li class=\"blocks-gallery-item\"><figure><a href=\"https:\/\/www.casamuseoeduardofrei.cl\/wp-content\/uploads\/2021\/11\/FC01092-1-scaled.jpg\" data-rel=\"lightbox-image-0\" data-rl_title=\"\" data-rl_caption=\"\" title=\"\"><img loading=\"lazy\" decoding=\"async\" width=\"1024\" height=\"829\" src=\"https:\/\/www.casamuseoeduardofrei.cl\/wp-content\/uploads\/2021\/11\/FC01092-1-1024x829.jpg\" alt=\"\" data-id=\"15618\" data-full-url=\"https:\/\/www.casamuseoeduardofrei.cl\/wp-content\/uploads\/2021\/11\/FC01092-1-scaled.jpg\" data-link=\"https:\/\/www.casamuseoeduardofrei.cl\/en-el-nombre-del-padre-joyas-de-una-biblioteca\/fc01092-1\/\" class=\"wp-image-15618\" srcset=\"https:\/\/www.casamuseoeduardofrei.cl\/wp-content\/uploads\/2021\/11\/FC01092-1-1024x829.jpg 1024w, https:\/\/www.casamuseoeduardofrei.cl\/wp-content\/uploads\/2021\/11\/FC01092-1-300x243.jpg 300w, https:\/\/www.casamuseoeduardofrei.cl\/wp-content\/uploads\/2021\/11\/FC01092-1-scaled.jpg 2048w\" sizes=\"auto, (max-width: 1024px) 100vw, 1024px\" \/><\/a><figcaption class=\"blocks-gallery-item__caption\">Vaticano, julio de 1965.                                                                                                                                                                                                   El Pdte. Frei junto al Papa Paulo VI, reuni\u00f3n durante su visita al Vaticano, junto a la Virgen y Biblia de Borso D\u2019Este que le regala el Sumo Pont\u00edfice.<\/figcaption><\/figure><\/li><\/ul><\/figure>\n\n\n\n<hr class=\"wp-block-separator\"\/>\n\n\n\n<p>Dentro de la variedad de tem\u00e1ticas y autores que se pueden encontrar<a href=\"#_ftn1\">[1]<\/a>, en esta ocasi\u00f3n destacamos tres t\u00edtulos.<\/p>\n\n\n\n<p class=\"has-medium-font-size\"><em><strong>Los cuatro evangelios de nuestro se\u00f1or Jesucristo<\/strong><\/em><\/p>\n\n\n\n<p>La Editorial Guillermo Kraft es una empresa trasandina que naci\u00f3 en el siglo XIX.&nbsp; En el a\u00f1o 1862 lleg\u00f3 Guillermo Kraft desde Alemania a Argentina y dos a\u00f1os despu\u00e9s, se instal\u00f3 con las primeras m\u00e1quinas litogr\u00e1ficas a vapor, comenzando su empresa de litograf\u00eda, imprenta y encuadernaci\u00f3n. Con el tiempo sigui\u00f3 como un negocio familiar, ya que sus hijos y posteriormente sus nietos, se hicieron cargo de la direcci\u00f3n de la editorial; y mientras nac\u00eda y crec\u00eda el mundo editorial argentino, la empresa lo hac\u00eda tambi\u00e9n, publicando textos hist\u00f3ricos, pol\u00edticos y cient\u00edficos.<\/p>\n\n\n\n<p>En 1944, la editorial cumpl\u00eda su octog\u00e9simo aniversario y qu\u00e9 mejor manera de celebrarlo que con una edici\u00f3n cuidada de <em>Los cuatro evangelios de nuestro se\u00f1or Jesucristo<\/em>, como se explicita en uno de los textos que a\u00fana esta publicaci\u00f3n.<\/p>\n\n\n\n<p>El libro fue homenajeado con una carta del arzobispo de Buenos Aires, Luis Copello. La copia que est\u00e1 en CMEFM es la n\u00famero 1.363, con lo que podemos presumir que fue una edici\u00f3n limitada.<\/p>\n\n\n\n<p>En este texto, encontramos a te\u00f3logos que explican los evangelios de Mateo, Marcos, Lucas y Juan, junto a 91 xilograf\u00edas recreando escenas b\u00edblicas, hechas por un artista belga-argentino, V\u00edctor Delhez, quien ya en esa \u00e9poca era conocido en Argentina y hab\u00eda trabajado con la editorial en otros proyectos.<\/p>\n\n\n\n<p>Respecto a los te\u00f3logos antes nombrados, el reverendo padre Juan R. Sepich fue el encargado de explicar las xilograf\u00edas de Delhez y tambi\u00e9n algunas de sus decisiones art\u00edsticas, como el retratar a Jes\u00fas sin aureola, siendo uno de los motivos, como dice Sepich, el usar recursos m\u00e1s originales a la hora de representar la santidad del personaje.<\/p>\n\n\n\n<p>El encargado de hacer la exhaustiva revisi\u00f3n y pr\u00f3logo del libro fue Jos\u00e9 R\u00e9boli, diplomado en Ciencias Eucar\u00edsticas por el Pontificio Instituto B\u00edblico de Roma. El texto con el que trabaj\u00f3 R\u00e9boli fue el escrito por Petisco-Torres Amat.<\/p>\n\n\n\n<p>Como \u00faltimo dato, desconocemos si fue una adquisici\u00f3n propia o un regalo.<\/p>\n\n\n\n<figure class=\"wp-block-gallery columns-3 is-cropped wp-block-gallery-2 is-layout-flex wp-block-gallery-is-layout-flex\"><ul class=\"blocks-gallery-grid\"><li class=\"blocks-gallery-item\"><figure><a href=\"https:\/\/www.casamuseoeduardofrei.cl\/wp-content\/uploads\/2021\/11\/4EVAN6.jpg\" data-rel=\"lightbox-image-1\" data-rl_title=\"\" data-rl_caption=\"\" title=\"\"><img decoding=\"async\" src=\"https:\/\/www.casamuseoeduardofrei.cl\/wp-content\/uploads\/2021\/11\/4EVAN6.jpg\" alt=\"\" data-id=\"15589\" data-link=\"https:\/\/www.casamuseoeduardofrei.cl\/?attachment_id=15589\" class=\"wp-image-15589\"\/><\/a><figcaption class=\"blocks-gallery-item__caption\">Cubierta de Los cuatro evangelios de nuestro se\u00f1or Jesucristo.<\/figcaption><\/figure><\/li><li class=\"blocks-gallery-item\"><figure><a href=\"https:\/\/www.casamuseoeduardofrei.cl\/wp-content\/uploads\/2021\/11\/4EVAN3-1.jpg\" data-rel=\"lightbox-image-2\" data-rl_title=\"\" data-rl_caption=\"\" title=\"\"><img decoding=\"async\" src=\"https:\/\/www.casamuseoeduardofrei.cl\/wp-content\/uploads\/2021\/11\/4EVAN3-1.jpg\" alt=\"\" data-id=\"15591\" data-link=\"https:\/\/www.casamuseoeduardofrei.cl\/?attachment_id=15591\" class=\"wp-image-15591\"\/><\/a><figcaption class=\"blocks-gallery-item__caption\">Portada de Los cuatro evangelios de nuestro se\u00f1or Jesucristo.<\/figcaption><\/figure><\/li><li class=\"blocks-gallery-item\"><figure><a href=\"https:\/\/www.casamuseoeduardofrei.cl\/wp-content\/uploads\/2021\/11\/4EVAN.jpg\" data-rel=\"lightbox-image-3\" data-rl_title=\"\" data-rl_caption=\"\" title=\"\"><img loading=\"lazy\" decoding=\"async\" width=\"1024\" height=\"768\" src=\"https:\/\/www.casamuseoeduardofrei.cl\/wp-content\/uploads\/2021\/11\/4EVAN-1024x768.jpg\" alt=\"\" data-id=\"15593\" data-full-url=\"https:\/\/www.casamuseoeduardofrei.cl\/wp-content\/uploads\/2021\/11\/4EVAN.jpg\" data-link=\"https:\/\/www.casamuseoeduardofrei.cl\/?attachment_id=15593\" class=\"wp-image-15593\" srcset=\"https:\/\/www.casamuseoeduardofrei.cl\/wp-content\/uploads\/2021\/11\/4EVAN-1024x768.jpg 1024w, https:\/\/www.casamuseoeduardofrei.cl\/wp-content\/uploads\/2021\/11\/4EVAN-300x225.jpg 300w, https:\/\/www.casamuseoeduardofrei.cl\/wp-content\/uploads\/2021\/11\/4EVAN-768x576.jpg 768w, https:\/\/www.casamuseoeduardofrei.cl\/wp-content\/uploads\/2021\/11\/4EVAN-250x187.jpg 250w, https:\/\/www.casamuseoeduardofrei.cl\/wp-content\/uploads\/2021\/11\/4EVAN.jpg 1175w\" sizes=\"auto, (max-width: 1024px) 100vw, 1024px\" \/><\/a><figcaption class=\"blocks-gallery-item__caption\">Uno de los comentarios y explicaci\u00f3n de una de las xilograf\u00edas de V\u00edctor Delhez.  Los cuatro evangelios de nuestro se\u00f1or Jesucristo.<\/figcaption><\/figure><\/li><li class=\"blocks-gallery-item\"><figure><a href=\"https:\/\/www.casamuseoeduardofrei.cl\/wp-content\/uploads\/2021\/11\/4EVAN2.jpg\" data-rel=\"lightbox-image-4\" data-rl_title=\"\" data-rl_caption=\"\" title=\"\"><img decoding=\"async\" src=\"https:\/\/www.casamuseoeduardofrei.cl\/wp-content\/uploads\/2021\/11\/4EVAN2.jpg\" alt=\"\" data-id=\"15592\" data-link=\"https:\/\/www.casamuseoeduardofrei.cl\/?attachment_id=15592\" class=\"wp-image-15592\"\/><\/a><figcaption class=\"blocks-gallery-item__caption\">Una de las xilograf\u00edas de V\u00edctor Delhez. Los cuatro evangelios de nuestro se\u00f1or Jesucristo.<\/figcaption><\/figure><\/li><li class=\"blocks-gallery-item\"><figure><a href=\"https:\/\/www.casamuseoeduardofrei.cl\/wp-content\/uploads\/2021\/11\/4EVAN5.jpg\" data-rel=\"lightbox-image-5\" data-rl_title=\"\" data-rl_caption=\"\" title=\"\"><img decoding=\"async\" src=\"https:\/\/www.casamuseoeduardofrei.cl\/wp-content\/uploads\/2021\/11\/4EVAN5.jpg\" alt=\"\" data-id=\"15588\" data-link=\"https:\/\/www.casamuseoeduardofrei.cl\/?attachment_id=15588\" class=\"wp-image-15588\"\/><\/a><figcaption class=\"blocks-gallery-item__caption\">Lomo de Los cuatro evangelios de nuestro se\u00f1or Jesucristo.<\/figcaption><\/figure><\/li><\/ul><\/figure>\n\n\n\n<hr class=\"wp-block-separator\"\/>\n\n\n\n<p class=\"has-medium-font-size\"><strong><em>La Biblia de Borso d\u2019Este<\/em><\/strong><\/p>\n\n\n\n<p>Este libro fue un regalo del Papa Paulo VI, cuando Frei Montalva hizo su gira europea en 1965 y se reuni\u00f3 con el Sumo Pont\u00edfice en el Vaticano, como podemos ver en las fotos de archivo.<\/p>\n\n\n\n<p>La Biblia de Borso d\u2019Este es conocida as\u00ed, porque el duque de Ferrara, Borso d\u2019Este (1413-1471), mand\u00f3 a hacerla con la finalidad de enaltecer al ducado al que pertenec\u00eda, en una \u00e9poca en las que las grandes familias como los Medici o lugares como Florencia, ten\u00edan una relevancia cultural art\u00edstica.<\/p>\n\n\n\n<p>El texto fue escrito por Pietro Paolo Marone y algunos de los artistas que trabajaron en el proyecto es Tadeo Crivelli, famoso iluminador, ya que su trabajo consist\u00eda en dar color a figuras, letras y\/o estampas de un libro.<\/p>\n\n\n\n<p>El original, ya que estamos frente a una reproducci\u00f3n, destaca por sus dibujos, los que est\u00e1n a la orilla de cada hoja, mostrando escenas b\u00edblicas, en colores y letras iluminadas.<\/p>\n\n\n\n<p>Actualmente, el original se encuentra en la Biblioteca Estense de M\u00f3dena, gracias a un empresario italiano, Giovanni Treccani, quien durante el periodo \u201centre guerras\u201d (1923) compr\u00f3 la obra para donarla al gobierno italiano.<\/p>\n\n\n\n<p>La edici\u00f3n del ex mandatario fue hecha en 1961, dedic\u00e1ndola al Papa Juan XXIII, en el aniversario de su nacimiento. Posee breves textos de estudio sobre la obra que se presenta, escritos por Adolfo Venturi, historiador del arte italiano, y reproducciones de las cartas de Treccani al hacer entrega de la obra para que esta quedara para siempre como parte del patrimonio italiano.<\/p>\n\n\n\n<figure class=\"wp-block-gallery columns-3 is-cropped wp-block-gallery-3 is-layout-flex wp-block-gallery-is-layout-flex\"><ul class=\"blocks-gallery-grid\"><li class=\"blocks-gallery-item\"><figure><a href=\"https:\/\/www.casamuseoeduardofrei.cl\/wp-content\/uploads\/2021\/11\/biblia12.jpg\" data-rel=\"lightbox-image-6\" data-rl_title=\"\" data-rl_caption=\"\" title=\"\"><img decoding=\"async\" src=\"https:\/\/www.casamuseoeduardofrei.cl\/wp-content\/uploads\/2021\/11\/biblia12.jpg\" alt=\"\" data-id=\"15595\" data-link=\"https:\/\/www.casamuseoeduardofrei.cl\/?attachment_id=15595\" class=\"wp-image-15595\"\/><\/a><figcaption class=\"blocks-gallery-item__caption\">Cubierta del tomo I de La Biblia de Borso Borso D\u2019Este<\/figcaption><\/figure><\/li><li class=\"blocks-gallery-item\"><figure><a href=\"https:\/\/www.casamuseoeduardofrei.cl\/wp-content\/uploads\/2021\/11\/biblio-13.jpg\" data-rel=\"lightbox-image-7\" data-rl_title=\"\" data-rl_caption=\"\" title=\"\"><img decoding=\"async\" src=\"https:\/\/www.casamuseoeduardofrei.cl\/wp-content\/uploads\/2021\/11\/biblio-13.jpg\" alt=\"\" data-id=\"15594\" data-link=\"https:\/\/www.casamuseoeduardofrei.cl\/?attachment_id=15594\" class=\"wp-image-15594\"\/><\/a><figcaption class=\"blocks-gallery-item__caption\">Lomo de los dos tomos de La Biblia de Borso Borso D\u2019Este<\/figcaption><\/figure><\/li><li class=\"blocks-gallery-item\"><figure><a href=\"https:\/\/www.casamuseoeduardofrei.cl\/wp-content\/uploads\/2021\/11\/bilbia-11.jpg\" data-rel=\"lightbox-image-8\" data-rl_title=\"\" data-rl_caption=\"\" title=\"\"><img decoding=\"async\" src=\"https:\/\/www.casamuseoeduardofrei.cl\/wp-content\/uploads\/2021\/11\/bilbia-11.jpg\" alt=\"\" data-id=\"15596\" data-link=\"https:\/\/www.casamuseoeduardofrei.cl\/?attachment_id=15596\" class=\"wp-image-15596\"\/><\/a><figcaption class=\"blocks-gallery-item__caption\">Retrato de Borso D\u2019Este<\/figcaption><\/figure><\/li><li class=\"blocks-gallery-item\"><figure><a href=\"https:\/\/www.casamuseoeduardofrei.cl\/wp-content\/uploads\/2021\/11\/biblia-6.jpg\" data-rel=\"lightbox-image-9\" data-rl_title=\"\" data-rl_caption=\"\" title=\"\"><img decoding=\"async\" src=\"https:\/\/www.casamuseoeduardofrei.cl\/wp-content\/uploads\/2021\/11\/biblia-6.jpg\" alt=\"\" data-id=\"15601\" data-link=\"https:\/\/www.casamuseoeduardofrei.cl\/?attachment_id=15601\" class=\"wp-image-15601\"\/><\/a><figcaption class=\"blocks-gallery-item__caption\">Detalle interior de La Biblia de Borso Borso D\u2019Este<\/figcaption><\/figure><\/li><li class=\"blocks-gallery-item\"><figure><a href=\"https:\/\/www.casamuseoeduardofrei.cl\/wp-content\/uploads\/2021\/11\/biblia-4.jpg\" data-rel=\"lightbox-image-10\" data-rl_title=\"\" data-rl_caption=\"\" title=\"\"><img decoding=\"async\" src=\"https:\/\/www.casamuseoeduardofrei.cl\/wp-content\/uploads\/2021\/11\/biblia-4.jpg\" alt=\"\" data-id=\"15602\" data-link=\"https:\/\/www.casamuseoeduardofrei.cl\/?attachment_id=15602\" class=\"wp-image-15602\"\/><\/a><figcaption class=\"blocks-gallery-item__caption\">Detalle interior de La Biblia de Borso Borso D\u2019Este<\/figcaption><\/figure><\/li><li class=\"blocks-gallery-item\"><figure><a href=\"https:\/\/www.casamuseoeduardofrei.cl\/wp-content\/uploads\/2021\/11\/biblia-7.jpg\" data-rel=\"lightbox-image-11\" data-rl_title=\"\" data-rl_caption=\"\" title=\"\"><img decoding=\"async\" src=\"https:\/\/www.casamuseoeduardofrei.cl\/wp-content\/uploads\/2021\/11\/biblia-7.jpg\" alt=\"\" data-id=\"15600\" data-link=\"https:\/\/www.casamuseoeduardofrei.cl\/?attachment_id=15600\" class=\"wp-image-15600\"\/><\/a><figcaption class=\"blocks-gallery-item__caption\">Interior de una p\u00e1gina del \u201cG\u00e9nesis\u201d de La Biblia de Borso Borso D\u2019Este<\/figcaption><\/figure><\/li><li class=\"blocks-gallery-item\"><figure><a href=\"https:\/\/www.casamuseoeduardofrei.cl\/wp-content\/uploads\/2021\/11\/biblia-1.jpg\" data-rel=\"lightbox-image-12\" data-rl_title=\"\" data-rl_caption=\"\" title=\"\"><img decoding=\"async\" src=\"https:\/\/www.casamuseoeduardofrei.cl\/wp-content\/uploads\/2021\/11\/biblia-1.jpg\" alt=\"\" data-id=\"15605\" data-link=\"https:\/\/www.casamuseoeduardofrei.cl\/?attachment_id=15605\" class=\"wp-image-15605\"\/><\/a><figcaption class=\"blocks-gallery-item__caption\">Interior de una p\u00e1gina del \u201cG\u00e9nesis\u201d de La Biblia de Borso Borso D\u2019Este<\/figcaption><\/figure><\/li><li class=\"blocks-gallery-item\"><figure><a href=\"https:\/\/www.casamuseoeduardofrei.cl\/wp-content\/uploads\/2021\/11\/biblia-3.jpg\" data-rel=\"lightbox-image-13\" data-rl_title=\"\" data-rl_caption=\"\" title=\"\"><img decoding=\"async\" src=\"https:\/\/www.casamuseoeduardofrei.cl\/wp-content\/uploads\/2021\/11\/biblia-3.jpg\" alt=\"\" data-id=\"15603\" data-link=\"https:\/\/www.casamuseoeduardofrei.cl\/?attachment_id=15603\" class=\"wp-image-15603\"\/><\/a><figcaption class=\"blocks-gallery-item__caption\">Detalle interior de La Biblia de Borso Borso D\u2019Este<\/figcaption><\/figure><\/li><li class=\"blocks-gallery-item\"><figure><a href=\"https:\/\/www.casamuseoeduardofrei.cl\/wp-content\/uploads\/2021\/11\/biblia-8-scaled.jpg\" data-rel=\"lightbox-image-14\" data-rl_title=\"\" data-rl_caption=\"\" title=\"\"><img loading=\"lazy\" decoding=\"async\" width=\"1024\" height=\"768\" src=\"https:\/\/www.casamuseoeduardofrei.cl\/wp-content\/uploads\/2021\/11\/biblia-8-1024x768.jpg\" alt=\"\" data-id=\"15599\" data-full-url=\"https:\/\/www.casamuseoeduardofrei.cl\/wp-content\/uploads\/2021\/11\/biblia-8-scaled.jpg\" data-link=\"https:\/\/www.casamuseoeduardofrei.cl\/?attachment_id=15599\" class=\"wp-image-15599\" srcset=\"https:\/\/www.casamuseoeduardofrei.cl\/wp-content\/uploads\/2021\/11\/biblia-8-1024x768.jpg 1024w, https:\/\/www.casamuseoeduardofrei.cl\/wp-content\/uploads\/2021\/11\/biblia-8-300x225.jpg 300w, https:\/\/www.casamuseoeduardofrei.cl\/wp-content\/uploads\/2021\/11\/biblia-8-scaled.jpg 2048w\" sizes=\"auto, (max-width: 1024px) 100vw, 1024px\" \/><\/a><figcaption class=\"blocks-gallery-item__caption\">Detalle interior de La Biblia de Borso Borso D\u2019Este<\/figcaption><\/figure><\/li><\/ul><\/figure>\n\n\n\n<hr class=\"wp-block-separator\"\/>\n\n\n\n<p class=\"has-medium-font-size\"><strong><em>Allocutio Pro Pace y Oratio Dominica in CLV Linguas Versa<\/em><\/strong><\/p>\n\n\n\n<p>Hasta el d\u00eda de hoy, desconocemos si esta pieza bibliogr\u00e1fica fue un regalo o una adquisici\u00f3n por parte del ex mandatario.<\/p>\n\n\n\n<p>Este libro consta de dos tomos. Uno es la impresi\u00f3n del discurso que dio el Papa Paulo VI en la ONU en 1965, que fue invitado por U Thant, secretario general de la Organizaci\u00f3n de Naciones Unidas.<\/p>\n\n\n\n<p>Antes de la impresi\u00f3n del llamado a la paz que hace el Papa a los mandatarios, se encuentra un breve texto del editor de la publicaci\u00f3n, Franco Maria Ricci. Editor italiano, conocido a nivel mundial por publicar la \u201crevista m\u00e1s hermosa del mundo\u201d y tambi\u00e9n por ser fan\u00e1tico de Giambattista Bodoni, tip\u00f3grafo italiano de fines del siglo XVIII.<\/p>\n\n\n\n<p>Ricci comenta la importancia que tiene esta publicaci\u00f3n, ya que los ejemplares hechos y la recaudaci\u00f3n de estos iban en ayuda de la Biblioteca Nacional de Florencia, por el da\u00f1o que sufrieron los libros debido a una inundaci\u00f3n en 1966. Es un libro que el mismo Ricci dice que se cataloga dentro de los libros \u201craros\u201d, es decir libros especiales.<\/p>\n\n\n\n<p>El <em>Oratio<\/em> contiene el Padre Nuestro escrito en 155 lenguas. Y fue impreso por Bodoni como un recuerdo del viaje que hizo el Papa P\u00edo VII a Par\u00eds, cuando asisti\u00f3 a la coronaci\u00f3n de Napole\u00f3n. Por lo que al abrir el libro uno se encuentra con un pr\u00f3logo en franc\u00e9s, italiano y lat\u00edn, escrito por el mismo impresor del siglo XVII, y una dedicatoria al pr\u00edncipe Eugenio Beauharnais, por ser el financista de la publicaci\u00f3n.<\/p>\n\n\n\n<figure class=\"wp-block-gallery columns-3 is-cropped wp-block-gallery-4 is-layout-flex wp-block-gallery-is-layout-flex\"><ul class=\"blocks-gallery-grid\"><li class=\"blocks-gallery-item\"><figure><a href=\"https:\/\/www.casamuseoeduardofrei.cl\/wp-content\/uploads\/2021\/11\/allocutio-07.jpg\" data-rel=\"lightbox-image-15\" data-rl_title=\"\" data-rl_caption=\"\" title=\"\"><img decoding=\"async\" src=\"https:\/\/www.casamuseoeduardofrei.cl\/wp-content\/uploads\/2021\/11\/allocutio-07.jpg\" alt=\"\" data-id=\"15612\" data-link=\"https:\/\/www.casamuseoeduardofrei.cl\/?attachment_id=15612\" class=\"wp-image-15612\"\/><\/a><figcaption class=\"blocks-gallery-item__caption\">Caja en la que vienen los dos tomos. Allocutio Pro Pace y Oratio Dominica in CLV Linguas Versa<\/figcaption><\/figure><\/li><li class=\"blocks-gallery-item\"><figure><a href=\"https:\/\/www.casamuseoeduardofrei.cl\/wp-content\/uploads\/2021\/11\/allocutio-06.jpg\" data-rel=\"lightbox-image-16\" data-rl_title=\"\" data-rl_caption=\"\" title=\"\"><img decoding=\"async\" src=\"https:\/\/www.casamuseoeduardofrei.cl\/wp-content\/uploads\/2021\/11\/allocutio-06.jpg\" alt=\"\" data-id=\"15611\" data-link=\"https:\/\/www.casamuseoeduardofrei.cl\/?attachment_id=15611\" class=\"wp-image-15611\"\/><\/a><figcaption class=\"blocks-gallery-item__caption\">Lomo del Allocutio Pro Pace y Oratio Dominica in CLV Linguas Versa<\/figcaption><\/figure><\/li><li class=\"blocks-gallery-item\"><figure><a href=\"https:\/\/www.casamuseoeduardofrei.cl\/wp-content\/uploads\/2021\/11\/allocutio-05.jpg\" data-rel=\"lightbox-image-17\" data-rl_title=\"\" data-rl_caption=\"\" title=\"\"><img decoding=\"async\" src=\"https:\/\/www.casamuseoeduardofrei.cl\/wp-content\/uploads\/2021\/11\/allocutio-05.jpg\" alt=\"\" data-id=\"15610\" data-link=\"https:\/\/www.casamuseoeduardofrei.cl\/?attachment_id=15610\" class=\"wp-image-15610\"\/><\/a><figcaption class=\"blocks-gallery-item__caption\">Cubierta del Allocutio Pro Pace<\/figcaption><\/figure><\/li><li class=\"blocks-gallery-item\"><figure><a href=\"https:\/\/www.casamuseoeduardofrei.cl\/wp-content\/uploads\/2021\/11\/allocutio-04.jpg\" data-rel=\"lightbox-image-18\" data-rl_title=\"\" data-rl_caption=\"\" title=\"\"><img decoding=\"async\" src=\"https:\/\/www.casamuseoeduardofrei.cl\/wp-content\/uploads\/2021\/11\/allocutio-04.jpg\" alt=\"\" data-id=\"15609\" data-link=\"https:\/\/www.casamuseoeduardofrei.cl\/?attachment_id=15609\" class=\"wp-image-15609\"\/><\/a><figcaption class=\"blocks-gallery-item__caption\">N\u00famero de la copia reproducida del Allocutio Pro Pace<\/figcaption><\/figure><\/li><li class=\"blocks-gallery-item\"><figure><a href=\"https:\/\/www.casamuseoeduardofrei.cl\/wp-content\/uploads\/2021\/11\/allocutio-03.jpg\" data-rel=\"lightbox-image-19\" data-rl_title=\"\" data-rl_caption=\"\" title=\"\"><img decoding=\"async\" src=\"https:\/\/www.casamuseoeduardofrei.cl\/wp-content\/uploads\/2021\/11\/allocutio-03.jpg\" alt=\"\" data-id=\"15608\" data-link=\"https:\/\/www.casamuseoeduardofrei.cl\/?attachment_id=15608\" class=\"wp-image-15608\"\/><\/a><figcaption class=\"blocks-gallery-item__caption\">Portada del Oratio Dominica in CLV Linguas Versa<\/figcaption><\/figure><\/li><li class=\"blocks-gallery-item\"><figure><a href=\"https:\/\/www.casamuseoeduardofrei.cl\/wp-content\/uploads\/2021\/11\/Allocutio-02.jpg\" data-rel=\"lightbox-image-20\" data-rl_title=\"\" data-rl_caption=\"\" title=\"\"><img decoding=\"async\" src=\"https:\/\/www.casamuseoeduardofrei.cl\/wp-content\/uploads\/2021\/11\/Allocutio-02.jpg\" alt=\"\" data-id=\"15607\" data-link=\"https:\/\/www.casamuseoeduardofrei.cl\/?attachment_id=15607\" class=\"wp-image-15607\"\/><\/a><figcaption class=\"blocks-gallery-item__caption\">El Padre Nuestro en mapudung\u00fan en el Oratio Dominica in CLV Linguas Versa.<\/figcaption><\/figure><\/li><li class=\"blocks-gallery-item\"><figure><a href=\"https:\/\/www.casamuseoeduardofrei.cl\/wp-content\/uploads\/2021\/11\/Allocutio-01.jpg\" data-rel=\"lightbox-image-21\" data-rl_title=\"\" data-rl_caption=\"\" title=\"\"><img decoding=\"async\" src=\"https:\/\/www.casamuseoeduardofrei.cl\/wp-content\/uploads\/2021\/11\/Allocutio-01.jpg\" alt=\"\" data-id=\"15606\" data-link=\"https:\/\/www.casamuseoeduardofrei.cl\/?attachment_id=15606\" class=\"wp-image-15606\"\/><\/a><figcaption class=\"blocks-gallery-item__caption\">El Padre Nuestro en espa\u00f1ol en el Oratio Dominica in CLV Linguas Versa.<\/figcaption><\/figure><\/li><\/ul><\/figure>\n\n\n\n<hr class=\"wp-block-separator\"\/>\n\n\n\n<p><strong><u><em>Referencias<\/em><\/u><\/strong><\/p>\n\n\n\n<ul class=\"wp-block-list\"><li>R\u00e9boli, J. (1944). <em>Los cuatro evangelios de Nuestro Se\u00f1or Jesucristo<\/em>. Editorial Guillermo Kraft. Argentina, Buenos Aires.<\/li><li>Costa, M. E. (2016). <em>Semblanza de Guillermo Kraft (1839-1893)<\/em>. En Biblioteca Virtual Miguel de Cervantes. Portal Editores y Editoriales Iberoamericanos (siglos XIX-XXI). EDI-RED: <a href=\"http:\/\/www.cervantesvirtual.com\/obra\/guillermo-kraft-1839-1893-semblanza\/\">http:\/\/www.cervantesvirtual.com\/obra\/guillermo-kraft-1839-1893-semblanza\/<\/a>. Consultado en septiembre de 2021.<\/li><li>Dolinko, S. (2020). \u201cEngravings of a Flemish Artist in Argentina\u201d. En <em>Transatlantic Modernisms: Belgium-Argentina (1910-1958)<\/em>. Muzee. B\u00e9lgica. Consultado en septiembre de 2021.<\/li><li>Rodr\u00edguez, A. (1978). \u201cEl pensamiento filos\u00f3fico del Dr. Juan R. Sepich\u201d. En <em>CUYO<\/em>, Vol. 10-11 Primera \u00e9poca. <a href=\"http:\/\/bdigital.uncu.edu.ar\/4534\">http:\/\/bdigital.uncu.edu.ar\/4534<\/a>. Consultado en septiembre de 2021.<\/li><li>(1961). <em>La Bibbia di Borso d&#8217;Este. Riprodotto integralmente per mandato di Giovanni Treccani degli Alfieri. Con documenti e studio storico-artistico di Adolfo Venturi<\/em>. &nbsp;Banca Popolare di Bergamo e Poligrafiche Bolis. Italia.<\/li><li>Paulus VII. (1967) <em>Allocutio Pro Pace<\/em>. Parmae-F.M. Ricci. Italia.<\/li><li>Bodoni, G. (1967). <em>Oratio Dominica in CLV Linguas Versa<\/em>. Parmae-Franco Maria Ricci. Italia.<\/li><li>Paulo VI. (04\/10\/1965). <em>Discurso a los representantes de los Estados<\/em>. Estados Unidos, Nueva York. Recuperado en septiembre 2021 <a href=\"https:\/\/www.vatican.va\/content\/paul-vi\/es\/travels.index.html\">https:\/\/www.vatican.va\/content\/paul-vi\/es\/travels.index.html<\/a>.<\/li><li>Piqu\u00e9, E. (11\/09\/2020). Muri\u00f3 Franco Maria Ricci, creador de &#8220;la revista m\u00e1s linda del mundo&#8221; y amigo de Borges. <em>La Naci\u00f3n<\/em>. Recuperado en septiembre de 2021. <a href=\"https:\/\/www.lanacion.com.ar\/cultura\/murio-franco-maria-ricci-creador-la-revista-nid2447303\/\">https:\/\/www.lanacion.com.ar\/cultura\/murio-franco-maria-ricci-creador-la-revista-nid2447303\/<\/a><\/li><li>Redacci\u00f3n UTD. (02\/12\/2002). <em>Grandes maestros de la tipograf\u00eda: Giambattista Bodoni<\/em>. Unos tipos duros. Recuperado en septiembre de 2021. <a href=\"https:\/\/www.unostiposduros.com\/grandes-maestros-de-la-tipografia-giambattista-bodoni\/\">https:\/\/www.unostiposduros.com\/grandes-maestros-de-la-tipografia-giambattista-bodoni\/<\/a><\/li><li>Salas, R. (12\/09\/2020). In memoriam. Franco Maria Ricci: dise\u00f1ador gr\u00e1fico, editor y coleccionista. <em>El Pa\u00eds<\/em>. Recuperado en septiembre de 2021. <a href=\"https:\/\/elpais.com\/cultura\/2020-09-12\/franco-maria-ricci-disenador-grafico-editor-y-coleccionista.html\">https:\/\/elpais.com\/cultura\/2020-09-12\/franco-maria-ricci-disenador-grafico-editor-y-coleccionista.html<\/a><\/li><\/ul>\n\n\n\n<hr class=\"wp-block-separator\"\/>\n\n\n\n<p><a href=\"#_ftnref1\">[1]<\/a> En el siguiente link pueden encontrar un breve resumen de algunos t\u00edtulos que est\u00e1n en la biblioteca del ex mandatario. <a rel=\"noreferrer noopener\" href=\"https:\/\/www.casamuseoeduardofrei.cl\/objeto-del-mes-un-viaje-por-la-biblioteca-de-frei-montalva\/\" target=\"_blank\">https:\/\/www.casamuseoeduardofrei.cl\/objeto-del-mes-un-viaje-por-la-biblioteca-de-frei-montalva\/<\/a> <\/p>\n","protected":false},"excerpt":{"rendered":"<p>La biblioteca de Casa Museo Eduardo Frei Montalva llama la atenci\u00f3n de nuestros visitantes no solo por la cantidad de libros (alrededor de unos 3.600 vol\u00famenes) divididos entre dos escritorios, sino tambi\u00e9n, porque habla de una colecci\u00f3n personal de este pol\u00edtico y abogado, que fue conocido como un gran lector.<\/p>\n","protected":false},"author":4,"featured_media":15613,"comment_status":"closed","ping_status":"open","sticky":false,"template":"","format":"standard","meta":{"_acf_changed":false,"footnotes":""},"categories":[15],"tags":[44,289,46,8],"class_list":["post-15582","post","type-post","status-publish","format-standard","has-post-thumbnail","hentry","category-objeto-del-mes","tag-casa-museo","tag-casa-museo-eduardo-frei-montalva","tag-eduardo-frei-montalva","tag-objeto-del-mes"],"acf":[],"_links":{"self":[{"href":"https:\/\/www.casamuseoeduardofrei.cl\/en\/wp-json\/wp\/v2\/posts\/15582","targetHints":{"allow":["GET"]}}],"collection":[{"href":"https:\/\/www.casamuseoeduardofrei.cl\/en\/wp-json\/wp\/v2\/posts"}],"about":[{"href":"https:\/\/www.casamuseoeduardofrei.cl\/en\/wp-json\/wp\/v2\/types\/post"}],"author":[{"embeddable":true,"href":"https:\/\/www.casamuseoeduardofrei.cl\/en\/wp-json\/wp\/v2\/users\/4"}],"replies":[{"embeddable":true,"href":"https:\/\/www.casamuseoeduardofrei.cl\/en\/wp-json\/wp\/v2\/comments?post=15582"}],"version-history":[{"count":5,"href":"https:\/\/www.casamuseoeduardofrei.cl\/en\/wp-json\/wp\/v2\/posts\/15582\/revisions"}],"predecessor-version":[{"id":15620,"href":"https:\/\/www.casamuseoeduardofrei.cl\/en\/wp-json\/wp\/v2\/posts\/15582\/revisions\/15620"}],"wp:featuredmedia":[{"embeddable":true,"href":"https:\/\/www.casamuseoeduardofrei.cl\/en\/wp-json\/wp\/v2\/media\/15613"}],"wp:attachment":[{"href":"https:\/\/www.casamuseoeduardofrei.cl\/en\/wp-json\/wp\/v2\/media?parent=15582"}],"wp:term":[{"taxonomy":"category","embeddable":true,"href":"https:\/\/www.casamuseoeduardofrei.cl\/en\/wp-json\/wp\/v2\/categories?post=15582"},{"taxonomy":"post_tag","embeddable":true,"href":"https:\/\/www.casamuseoeduardofrei.cl\/en\/wp-json\/wp\/v2\/tags?post=15582"}],"curies":[{"name":"wp","href":"https:\/\/api.w.org\/{rel}","templated":true}]}}