{"id":11544,"date":"2016-11-14T16:34:07","date_gmt":"2016-11-14T19:34:07","guid":{"rendered":"http:\/\/www.casamuseoeduardofrei.cl\/?p=11544"},"modified":"2016-11-16T11:39:48","modified_gmt":"2016-11-16T14:39:48","slug":"barriorama-herramientas-para-organizar-tu-comunidad","status":"publish","type":"post","link":"https:\/\/www.casamuseoeduardofrei.cl\/en\/barriorama-herramientas-para-organizar-tu-comunidad\/","title":{"rendered":"Barriorama: Herramientas para organizar tu comunidad"},"content":{"rendered":"<p>El martes 15 de noviembre concluyen en Casa Museo EFM las Jornadas de Participaci\u00f3n Ciudadana 2016, con la presentaci\u00f3n de Barriorama, proyecto con base en el dise\u00f1o, que busca construir y potenciar la vida de barrio a trav\u00e9s de herramientas gr\u00e1ficas participativas, colaborativas, accesibles y adaptables.Entrada liberada (cupos limitados).<br \/>\n<\/p>","protected":false},"excerpt":{"rendered":"<p>Sorry, this entry is only available in Espa\u00f1ol.<\/p>\n","protected":false},"author":4,"featured_media":11561,"comment_status":"open","ping_status":"open","sticky":false,"template":"","format":"standard","meta":{"_acf_changed":false,"footnotes":""},"categories":[14],"tags":[],"class_list":["post-11544","post","type-post","status-publish","format-standard","has-post-thumbnail","hentry","category-noticias"],"acf":[],"_links":{"self":[{"href":"https:\/\/www.casamuseoeduardofrei.cl\/en\/wp-json\/wp\/v2\/posts\/11544","targetHints":{"allow":["GET"]}}],"collection":[{"href":"https:\/\/www.casamuseoeduardofrei.cl\/en\/wp-json\/wp\/v2\/posts"}],"about":[{"href":"https:\/\/www.casamuseoeduardofrei.cl\/en\/wp-json\/wp\/v2\/types\/post"}],"author":[{"embeddable":true,"href":"https:\/\/www.casamuseoeduardofrei.cl\/en\/wp-json\/wp\/v2\/users\/4"}],"replies":[{"embeddable":true,"href":"https:\/\/www.casamuseoeduardofrei.cl\/en\/wp-json\/wp\/v2\/comments?post=11544"}],"version-history":[{"count":0,"href":"https:\/\/www.casamuseoeduardofrei.cl\/en\/wp-json\/wp\/v2\/posts\/11544\/revisions"}],"wp:featuredmedia":[{"embeddable":true,"href":"https:\/\/www.casamuseoeduardofrei.cl\/en\/wp-json\/wp\/v2\/media\/11561"}],"wp:attachment":[{"href":"https:\/\/www.casamuseoeduardofrei.cl\/en\/wp-json\/wp\/v2\/media?parent=11544"}],"wp:term":[{"taxonomy":"category","embeddable":true,"href":"https:\/\/www.casamuseoeduardofrei.cl\/en\/wp-json\/wp\/v2\/categories?post=11544"},{"taxonomy":"post_tag","embeddable":true,"href":"https:\/\/www.casamuseoeduardofrei.cl\/en\/wp-json\/wp\/v2\/tags?post=11544"}],"curies":[{"name":"wp","href":"https:\/\/api.w.org\/{rel}","templated":true}]}}