{"id":11237,"date":"2016-05-17T11:08:56","date_gmt":"2016-05-17T14:08:56","guid":{"rendered":"http:\/\/www.casamuseoeduardofrei.cl\/?p=11237"},"modified":"2022-06-10T10:57:45","modified_gmt":"2022-06-10T14:57:45","slug":"villa-frei-viviendas-modernas-la-clase-media","status":"publish","type":"post","link":"https:\/\/www.casamuseoeduardofrei.cl\/en\/villa-frei-viviendas-modernas-la-clase-media\/","title":{"rendered":"Inauguration \u201cVilla Frei\u201d neighborhood: Modern housing for middle class"},"content":{"rendered":"<p>During the 20th century, new social actors inspired the transformation of Santiago\u2019s urban and social landscape. In addition to the processes associated with of the migration field-city, it also appeared the positioning of the middle class that caused a housing crisis, Eduardo Frei\u2019s government faced it through several institutions. <!--more--><img loading=\"lazy\" decoding=\"async\" class=\"alignleft size-full wp-image-11238\" src=\"http:\/\/www.casamuseoeduardofrei.cl\/wp-content\/uploads\/2016\/06\/villa-frei-web.jpg\" alt=\"villa-frei-web\" width=\"200\" height=\"133\" \/>The inauguration of Villa Frei neighborhood on July 27 in 1966, was an important milestone for this group of employees and professionals that belonged to the middle class, because its urban and architectural features represent the implementation of the principles of the modern architecture in our country.<\/p>\n<p>In Frei\u2019s government, there were several institutions linked to housing matters, such as Corporaci\u00f3n de Mejoramiento Urbano (Cormu), Corporaci\u00f3n de Servicios Habitacionales (Corhabit) and Corporaci\u00f3n de la Vivienda (Corvi), among others. These institutions jointed together to create the <u>Ministry of Housing and Urban Development,<\/u> which sought to assist the public and private action for the housing construction. The construction of the Villa Frei neighborhood was part of the projects lead by the Corporaci\u00f3n de la Vivienda, with the objective of providing housing solutions for middle class people.<\/p>\n<p>The modernity in the Chilean architecture could be observed in the first decades of the 20<sup>th <\/sup>\u00a0century, characterized by a new expressionism in the use of materials, primarily steel and concrete. This new way of expression, that was born in Europe, has an own story and a particular way in our country. In the first decades of the last century, Chile was still attached to aesthetic conceptions ruled by naturalists and impressionists concepts. Therefore, in Chile, the creation of the architecture characterized by modernism was linked to the work of intellectuals and architects who adopted ideas from the European architecture, rather than a generalized movement.<\/p>\n<p>With the mechanization of life through technology products, and the adoption of the notion of efficiency that influenced Chilean cultural environment during the first half of the twentieth century, the cultural foundation that would give advantage to a modern architecture in our country was developed. This was followed up with the challenge that the State assumed to initiate a process of national industrialization, which in turn mobilized the industrialization of construction processes. Steel, concrete and glass were at the center of what was known as modern construction.<\/p>\n<p>New materials and new technical developments were part of a new esthetics in terms of comfort, efficiency, rationalization and mechanization. The consolidation of modern architecture was expressed in works of urban and institutional importance, especially from the second half of the century. In 1957, The Universidad T\u00e9cnica del Estado, the Naval Academy and finally the CEPAL building tender in 1960, reflected the acceptance of the modern principles by the architects and also by the State organizations. The Corporaci\u00f3n de la Vivienda (Housing Coorporation) was formed by architects who adopted these ideas and the housing policy of which was a part, not only the construction of the Villa Frei neighborhood, but also the Villa Portales and the Villa Ol\u00edmpica neighborhoods were an expression of that exchange between theory, practice and actors.<\/p>\n<p>The Law Ranking-Decree (DFL) No. 2 of 1959, Article 60, stated that the Housing Corporation had to use only the system of public bidding for hiring construction and the tender system for their projects. It was under this regulation that in 1964 this institution made a public call for the creation of a large scale housing complex, a large neighborhood unit with three sectors, including different buildings and several services: buildings, civic center, school group, shopping center, clinical center, and firehouse, and also single-family homes. The Caja de Empleados Particulares (an organization of private employees) responded to this call and the winner of the draft was the office of architects Jaime Larrain, Osvaldo Larrain and Diego Balmaceda.<\/p>\n<p>The Caja de Empleados Particulares (Private Employees Fund) was a pension system that existed in Chile since 1925, along with the Caja del Seguro Obrero, the Caja Bancaria de Pensiones, the Previsi\u00f3n y Est\u00edmulo de los Empleados del Banco de Chile, among others. These organizations were aimed at creating a common fund from the contributions made by members with a part of their salaries, and then to apply and access to the benefits: pension benefits and conceivable benefits, such as widowhood or invalidity of workers. In 1952 the Law 10.475 also empowered it to invest the surplus in construction, to give housing to its depositors. Thus, in 1963 the farm \u201cChacra Valparaiso\u201d was bought to <strong>related<\/strong> <strong>families <\/strong>Cruz Garcia Huidobro, de Valdes, Barros and Irarr\u00e1zaval and the process of building the Villa Frei neighborhood began.<\/p>\n<p><strong>Inauguration<\/strong><\/p>\n<p>The residential complex was inaugurated on June 27, 1968, and was highlighted in the media as the &#8220;biggest residential complex\u201d built in the country. The ceremony brought together various authorities, who became part of an enjoyable and close activity, in which the ex-President had the opportunity to share with the residents of the neighborhood. The residential complex was blessed by the Cardinal Archbishop of Santiago, Monsignor Raul Silva Henriquez, in a ceremony attended by Orthodox, Protestant and Jewish religious leaders. After the raising of the national flag, the Vice President of CORVI addressed the attendees and handed over the neighborhood to the President of the Caja de Empleados Particulares. Also present were the Ministers of Housing and Labour, John Hamilton and Eduardo Leon; the Mayor of Santiago, Sergio Saavedra; the Vice President of CORVI Hector Valdes; the Vice President of the Caja de Empleados Particulares Roberto Le\u00f3n, and the municipal authorities of \u00d1u\u00f1oa, along with leaders of the new neighborhood councils.<\/p>\n<p>Before the inauguration, at a meeting organized by the future residents of the Villa, it was decided to rename Villa &#8220;Chacra Valparaiso&#8221; to the current name &#8220;Villa Presidente Frei&#8221;. Considering this, during his opening speech, the ex-President asked the people to revoke this decision, because, although he was honored, he did not want that a work inaugurated during his government was named after him.<\/p>\n<p><strong>The Community: Difficulties and Learning<\/strong><\/p>\n<p>During its early years, life in the Villa Frei neighborhood was full of work and commitment to the community, since its establishment was not without problems. Housing delivery and squatting in the apartments was, many times, irregular; a situation justified by the authorities and by the same Caja de Empleados Particulares, due to the urgent need to occupy the homes. The lack of water, the removal of construction debris, the lack of food and the large amount of weeds found by the neighbors encouraged an organization and a self-management to find common solutions to the problems that affected them. This form of organization adopted by the neighbors to resolve their initial difficulties, came up under a legal framework based on Eduardo Frei Montalva\u2019s political project called &#8220;popular promotion.&#8221; Along with the first two neighborhood councils, other community organizations that consolidated the identity of the Villa and its residents were created, Mother Centers, Parents and Tutors Centers, Cultural Centers, Youth and Sports Organizations, Choirs and others, represented and promoted the communal living.<\/p>\n<p>Undoubtedly, this initial experience has become a powerful identity sign among the residents of the Villa, currently expressed in the organization as \u201cComit\u00e9 Barrio Patrimonial Villa Frei-Parque Ram\u00f3n Cruz\u201d which made the National Monuments Council declare Sector I of the Villa a Typical Zone in December of 2015. Thus, committing to taking care and protecting it, and recognizing the value of this residential complex in its architectural and social dimensions. The Villa Frei neighborhood is the materialization of a vision of the country promoted by Frei Montalva\u2019s government, but it is also the expression of neighbors\u2019 coexistence and a way of life that is currently protected by the work of the neighbors. They are protecting its history and heritage with the same initial commitment.<\/p>","protected":false},"excerpt":{"rendered":"<p>Sorry, this entry is only available in Espa\u00f1ol.<\/p>\n","protected":false},"author":4,"featured_media":11238,"comment_status":"open","ping_status":"open","sticky":false,"template":"","format":"standard","meta":{"_acf_changed":false,"footnotes":""},"categories":[14,15],"tags":[],"class_list":["post-11237","post","type-post","status-publish","format-standard","has-post-thumbnail","hentry","category-noticias","category-objeto-del-mes"],"acf":[],"_links":{"self":[{"href":"https:\/\/www.casamuseoeduardofrei.cl\/en\/wp-json\/wp\/v2\/posts\/11237","targetHints":{"allow":["GET"]}}],"collection":[{"href":"https:\/\/www.casamuseoeduardofrei.cl\/en\/wp-json\/wp\/v2\/posts"}],"about":[{"href":"https:\/\/www.casamuseoeduardofrei.cl\/en\/wp-json\/wp\/v2\/types\/post"}],"author":[{"embeddable":true,"href":"https:\/\/www.casamuseoeduardofrei.cl\/en\/wp-json\/wp\/v2\/users\/4"}],"replies":[{"embeddable":true,"href":"https:\/\/www.casamuseoeduardofrei.cl\/en\/wp-json\/wp\/v2\/comments?post=11237"}],"version-history":[{"count":4,"href":"https:\/\/www.casamuseoeduardofrei.cl\/en\/wp-json\/wp\/v2\/posts\/11237\/revisions"}],"predecessor-version":[{"id":12710,"href":"https:\/\/www.casamuseoeduardofrei.cl\/en\/wp-json\/wp\/v2\/posts\/11237\/revisions\/12710"}],"wp:featuredmedia":[{"embeddable":true,"href":"https:\/\/www.casamuseoeduardofrei.cl\/en\/wp-json\/wp\/v2\/media\/11238"}],"wp:attachment":[{"href":"https:\/\/www.casamuseoeduardofrei.cl\/en\/wp-json\/wp\/v2\/media?parent=11237"}],"wp:term":[{"taxonomy":"category","embeddable":true,"href":"https:\/\/www.casamuseoeduardofrei.cl\/en\/wp-json\/wp\/v2\/categories?post=11237"},{"taxonomy":"post_tag","embeddable":true,"href":"https:\/\/www.casamuseoeduardofrei.cl\/en\/wp-json\/wp\/v2\/tags?post=11237"}],"curies":[{"name":"wp","href":"https:\/\/api.w.org\/{rel}","templated":true}]}}